{"id":17235,"date":"2026-03-11T12:19:59","date_gmt":"2026-03-11T11:19:59","guid":{"rendered":"https:\/\/vostel.de\/blog\/?p=17235"},"modified":"2026-03-11T16:43:42","modified_gmt":"2026-03-11T15:43:42","slug":"ehrenamt-mit-frauen","status":"publish","type":"post","link":"https:\/\/vostel.de\/blog\/ehrenamt-mit-frauen\/","title":{"rendered":"Ehrenamt mit Frauen: Das erwartet dich"},"content":{"rendered":"\n<p id=\"block-c5ec95e7-62e7-4ef7-a8b5-dc744ff8f10e\">Gleichberechtigung ist in Deutschland gesetzlich verankert, im Alltag aber l\u00e4ngst nicht \u00fcberall Realit\u00e4t. Frauen sind h\u00e4ufiger von Armut, Gewalt und beruflicher Benachteiligung betroffen, tragen den gr\u00f6\u00dften Teil unbezahlter Care-Arbeit und sind in politischen wie wirtschaftlichen F\u00fchrungspositionen nach wie vor unterrepr\u00e4sentiert.&nbsp;<\/p>\n\n\n\n<p id=\"block-c79d51f0-ea75-4670-8def-c05117588c72\">In diesem Beitrag erf\u00e4hrst du mehr dar\u00fcber, vor welchen Herausforderungen viele Frauen in Deutschland stehen, welche Organisationen sie unterst\u00fctzen und wie du mit einem Ehrenamt selbst etwas beitragen kannst.<\/p>\n\n\n\n<p id=\"block-c74c7020-156e-4498-b330-db0338a4d93e\"><strong>Inhalt:<\/strong><\/p>\n\n\n\n<ol start=\"1\" id=\"block-3ba38b51-dd36-47cc-92e8-eeee905e3ded\" class=\"wp-block-list\">\n<li><strong><a href=\"#situation\"><strong>Die Situation von Frauen in Deutschland<\/strong><\/a><\/strong><\/li>\n\n\n\n<li><strong><a href=\"#organisation\"><strong>Wie Organisationen und Ehrenamtliche Frauen unterst\u00fctzen<\/strong><\/a><\/strong><\/li>\n\n\n\n<li><strong><a href=\"#observe\"><strong>Worauf du beim Ehrenamt mit Frauen achten solltest<\/strong><\/a><\/strong><\/li>\n\n\n\n<li><strong><a href=\"#vostel\"><strong>Finde dein Ehrenamt mit Frauen auf vostel.de<\/strong><\/a><\/strong><\/li>\n\n\n\n<li><a href=\"#faq\"><strong>FAQ \u2013&nbsp;H\u00e4ufige Fragen zum Ehrenamt mit Frauen<\/strong><\/a><\/li>\n<\/ol>\n\n\n\n<h2 class=\"wp-block-heading\" id=\"situation\"><strong><strong>1. Die Situation von Frauen in Deutschland<\/strong><\/strong><\/h2>\n\n\n\n<figure class=\"wp-block-image size-full\"><img loading=\"lazy\" decoding=\"async\" width=\"1200\" height=\"400\" src=\"https:\/\/vostel.de\/blog\/wp-content\/uploads\/2026\/03\/BLOG-Zwischenbilder-2026.png\" alt=\"Zwischenbild: Ehrenamt mit Frauen - Situation und Probleme von Frauen in Deutschland\" class=\"wp-image-17240\" srcset=\"https:\/\/vostel.de\/blog\/wp-content\/uploads\/2026\/03\/BLOG-Zwischenbilder-2026.png 1200w, https:\/\/vostel.de\/blog\/wp-content\/uploads\/2026\/03\/BLOG-Zwischenbilder-2026-300x100.png 300w, https:\/\/vostel.de\/blog\/wp-content\/uploads\/2026\/03\/BLOG-Zwischenbilder-2026-1024x341.png 1024w, https:\/\/vostel.de\/blog\/wp-content\/uploads\/2026\/03\/BLOG-Zwischenbilder-2026-768x256.png 768w\" sizes=\"auto, (max-width: 1200px) 100vw, 1200px\" \/><\/figure>\n\n\n\n<p id=\"block-271bb3b2-0efa-4a0b-a82d-e7f3ead7cf05\">Ob im Beruf, zu Hause oder in der Politik, Frauen sto\u00dfen in Deutschland auch heute noch auf strukturelle Benachteiligungen, die ihre Sicherheit, Selbstbestimmung und Chancengleichheit betreffen. Einige zentrale Probleme sind dabei:<\/p>\n\n\n\n<h5 class=\"wp-block-heading\" id=\"h-gewalt-gegen-frauen-nbsp\"><strong>Gewalt gegen Frauen<\/strong>&nbsp;<\/h5>\n\n\n\n<p>Jede dritte Frau in Deutschland hat seit ihrem 15. Lebensjahr mindestens einmal k\u00f6rperliche oder sexuelle Gewalt erlebt, h\u00e4ufig durch Partner oder Ex-Partner. 2024 wurden <strong>171.069 Frauen und M\u00e4nner als Opfer von Partnerschaftsgewalt<\/strong> registriert, rund 80 Prozent davon weiblich. <strong>132 Frauen wurden durch ihren Partner oder Ex-Partner get\u00f6tet<\/strong> (<a href=\"https:\/\/www.bka.de\/SharedDocs\/Kurzmeldungen\/DE\/Kurzmeldungen\/251121_BLB_HaeuslicheGewalt2024.html\" target=\"_blank\" rel=\"noreferrer noopener\">BKA, 2025<\/a>). Das Dunkelfeld ist dabei erheblich: Laut der Opferbefragung LeSuBiA liegt die Anzeigequote bei Partnerschaftsgewalt bei unter f\u00fcnf Prozent.<\/p>\n\n\n\n<p>Dazu kommt Stalking: 14,4 % der Frauen sind irgendwann in ihrem Leben davon betroffen, bei M\u00e4nnern sind es 5,1 % (<a href=\"https:\/\/weisser-ring-stiftung.de\/projekte\/studie-praevalenz-von-stalking-in-deutschland-ergebnisbericht\" target=\"_blank\" rel=\"noreferrer noopener\">WEISSER RING Stiftung<\/a>). Stalking findet dabei zunehmend auch digital statt: 2024 wurden 18.224 Frauen Opfer digitaler Gewalt durch Cyberstalking, Bedrohungen oder N\u00f6tigung, ein Anstieg von 6 % gegen\u00fcber dem Vorjahr (<a href=\"https:\/\/www.bka.de\/SharedDocs\/Kurzmeldungen\/DE\/Kurzmeldungen\/251121_BLB_Straftaten_gegen_Frauen2024.html\" target=\"_blank\" rel=\"noreferrer noopener\">BKA, 2025<\/a>).<\/p>\n\n\n\n<h5 class=\"wp-block-heading\" id=\"h-unbezahlte-care-arbeit-nbsp\"><strong>Unbezahlte Care-Arbeit<\/strong>&nbsp;<\/h5>\n\n\n\n<p>Kinderbetreuung, Pflege, Haushalt: Frauen leisten 44,3 % mehr unbezahlte Sorgearbeit als M\u00e4nner (<a href=\"https:\/\/www.destatis.de\/DE\/Presse\/Pressemitteilungen\/2024\/02\/PD24_073_63991.html\" target=\"_blank\" rel=\"noreferrer noopener\">Destatis, 2024<\/a>). Das sind jede Woche insgesamt rund neun Stunden, also ein ganzer Arbeitstag. Hinzu kommt der sogenannte \u201eMental Load&#8220;, also die unsichtbare Planungs- und Organisationsarbeit im Alltag, die ebenfalls \u00fcberwiegend bei Frauen liegt. Zudem sind rund 80 % der Alleinerziehenden in Deutschland Frauen (<a href=\"https:\/\/www.der-paritaetische.de\/alle-meldungen\/alleinerziehende-in-deutschland\/\" target=\"_blank\" rel=\"noreferrer noopener\">Der Parit\u00e4tische, 2023<\/a>).<\/p>\n\n\n\n<h5 class=\"wp-block-heading\" id=\"h-arbeit-einkommen-und-finanzielle-absicherung-nbsp\"><strong>Arbeit, Einkommen und finanzielle Absicherung<\/strong>&nbsp;<\/h5>\n\n\n\n<p>Frauen verdienen in Deutschland im Schnitt noch immer 16 % weniger pro Stunde als M\u00e4nner (<a href=\"https:\/\/www.destatis.de\/DE\/Presse\/Pressemitteilungen\/2025\/02\/PD25_056_621.html\" target=\"_blank\" rel=\"noreferrer noopener\">Destatis, 2025<\/a>). Sie sind h\u00e4ufiger in schlechter bezahlten Branchen t\u00e4tig, arbeiten \u00f6fter in Teilzeit und haben durch Care-Zeiten h\u00e4ufiger unterbrochene Erwerbsbiografien. Das schl\u00e4gt sich direkt auf die Rente nieder: Frauen erhalten im Schnitt 36,9 % weniger eigene Rentenanspr\u00fcche als M\u00e4nner und sind mit 20,3 % h\u00e4ufiger armutsgef\u00e4hrdet (<a href=\"https:\/\/www.destatis.de\/DE\/Themen\/Querschnitt\/Gleichstellungsindikatoren\/gender-pension-gap-f33.html\" target=\"_blank\" rel=\"noreferrer noopener\">Destatis, 2025<\/a>, <a href=\"https:\/\/www.statistik-bw.de\/presse\/pressemitteilungen\/pressemitteilung\/armutsgefaehrdung-in-den-vergangenen-jahren-gestiegen\/\" target=\"_blank\" rel=\"noreferrer noopener\">Statistik-bw, 2020<\/a>).&nbsp;<\/p>\n\n\n\n<p>Besonders problematisch ist die Situation bei gefl\u00fcchteten Frauen: Sie sind mit 35 % nur halb so h\u00e4ufig erwerbst\u00e4tig wie der weibliche Bev\u00f6lkerungsdurchschnitt, w\u00e4hrend gefl\u00fcchtete M\u00e4nner mit 76 % sogar \u00fcber dem m\u00e4nnlichen Durchschnitt liegen. Hauptgr\u00fcnde sind der unzureichende Zugang zu Kinderbetreuung, geringere Bildungsabschl\u00fcsse und h\u00e4ufig auch fehlende soziale Netzwerke (<a href=\"https:\/\/iab.de\/presseinfo\/10-jahre-fluchtmigration-beschaeftigungsquote-von-gefluechteten-naehert-sich-dem-durchschnitt-in-deutschland-an\/\" target=\"_blank\" rel=\"noreferrer noopener\">IAB, 2024<\/a>).<\/p>\n\n\n\n<h5 class=\"wp-block-heading\" id=\"h-gesundheit-nbsp\"><strong>Gesundheit<\/strong>&nbsp;<\/h5>\n\n\n\n<p>Frauen leben im Schnitt l\u00e4nger als M\u00e4nner, verbringen aber deutlich mehr Lebensjahre mit gesundheitlichen Einschr\u00e4nkungen. Der sogenannte \u201eGender Health Gap&#8220; beschreibt eine systematische Benachteiligung im Gesundheitswesen:&nbsp;<\/p>\n\n\n\n<p>Medikamente werden \u00fcberwiegend an m\u00e4nnlichen K\u00f6rpern getestet, Symptome werden bei Frauen h\u00e4ufiger zu sp\u00e4t erkannt oder falsch eingeordnet, zum Beispiel bei Herzinfarkten oder Autoimmunerkrankungen. Krankheiten wie Endometriose sind bis heute untererforscht. Und fast jede dritte Frau berichtet von Benachteiligungen beim Arztbesuch (<a href=\"https:\/\/www.aok.de\/pp\/gg\/magazine\/gesundheit-gesellschaft-07-2025\/frauengesundheit\/\" target=\"_blank\" rel=\"noreferrer noopener\">AOK, 2025<\/a>).<\/p>\n\n\n\n<h5 class=\"wp-block-heading\" id=\"h-macht-und-reprasentation-nbsp\"><strong>Macht und Repr\u00e4sentation<\/strong>&nbsp;<\/h5>\n\n\n\n<p>Frauen stellen 51 % der Bev\u00f6lkerung, sind aber in Entscheidungspositionen deutlich unterrepr\u00e4sentiert: Im Bundestag sank ihr Anteil nach der Wahl 2025 auf 32,4 % (<a href=\"https:\/\/www.bundesstiftung-gleichstellung.de\/2025\/03\/31\/rueckschritt-fuer-die-gleichstellung-warum-der-frauenanteil-im-bundestag-sinkt\/\" target=\"_blank\" rel=\"noreferrer noopener\">Bundesstiftung Gleichstellung, 2025<\/a>), in kommunalen Vertretungen auf 30,5 %, in F\u00fchrungspositionen der Wirtschaft auf 29,1 % (<a href=\"https:\/\/www.destatis.de\/DE\/Presse\/Pressemitteilungen\/2025\/03\/PD25_N010_13.html\" target=\"_blank\" rel=\"noreferrer noopener\">Destatis, 2025<\/a>).<\/p>\n\n\n\n<h5 class=\"wp-block-heading\" id=\"h-besondere-hurden-fur-frauen-mit-migrations-oder-fluchtgeschichte\"><strong>Besondere H\u00fcrden f\u00fcr Frauen mit Migrations- oder Fluchtgeschichte<\/strong><\/h5>\n\n\n\n<p>Frauen mit Migrations- oder Fluchtgeschichte sind in vielen der genannten Bereiche zus\u00e4tzlich belastet. So haben knapp zwei Drittel aller Bewohnerinnen in deutschen Frauenh\u00e4usern einen Migrationshintergrund (<a href=\"https:\/\/www.frauenhauskoordinierung.de\/fileadmin\/redakteure\/Publikationen\/Statistik\/2024-10-08_Langfassung_Frauenhausstatistik_2023_final.pdf\" target=\"_blank\" rel=\"noreferrer noopener\">Frauenhauskoordinierung e.V.<\/a>).&nbsp;<\/p>\n\n\n\n<p id=\"block-d63c61ca-0645-4041-a093-6fd2a8b7a182\">Der Zugang zu Unterst\u00fctzung ist f\u00fcr sie gleichzeitig schwieriger: Sprachbarrieren, fehlendes Wissen \u00fcber eigene Rechte und eine m\u00f6gliche aufenthaltsrechtliche Abh\u00e4ngigkeit vom Partner k\u00f6nnen dazu f\u00fchren, dass Betroffene Unterst\u00fctzung nicht oder zu sp\u00e4t in Anspruch nehmen.<\/p>\n\n\n\n<h2 class=\"wp-block-heading\" id=\"organisation\"><strong><strong>2. Wie Organisationen und Ehrenamtliche Frauen unterst\u00fctzen<\/strong><\/strong><\/h2>\n\n\n\n<figure class=\"wp-block-image size-large\"><img loading=\"lazy\" decoding=\"async\" width=\"1024\" height=\"341\" src=\"https:\/\/vostel.de\/blog\/wp-content\/uploads\/2026\/03\/Frauen-Ehrenamt-NPOs-1024x341.png\" alt=\"Ehrenamtliche Unterst\u00fctzung f\u00fcr Frauen\" class=\"wp-image-17250\" srcset=\"https:\/\/vostel.de\/blog\/wp-content\/uploads\/2026\/03\/Frauen-Ehrenamt-NPOs-1024x341.png 1024w, https:\/\/vostel.de\/blog\/wp-content\/uploads\/2026\/03\/Frauen-Ehrenamt-NPOs-300x100.png 300w, https:\/\/vostel.de\/blog\/wp-content\/uploads\/2026\/03\/Frauen-Ehrenamt-NPOs-768x256.png 768w, https:\/\/vostel.de\/blog\/wp-content\/uploads\/2026\/03\/Frauen-Ehrenamt-NPOs.png 1200w\" sizes=\"auto, (max-width: 1024px) 100vw, 1024px\" \/><figcaption class=\"wp-element-caption\">Bild: <a href=\"https:\/\/vostel.de\/de\/volunteering\/organisations\/111_Diakonie-Muenchen-und-Oberbayern-gGmbH\" target=\"_blank\" rel=\"noreferrer noopener\">Diakonie M\u00fcnchen und Oberbayern gGmbH<\/a><\/figcaption><\/figure>\n\n\n\n<h3 class=\"wp-block-heading\" id=\"block-a3cffcac-79ef-4e62-a400-4ba3fa861305\"><strong>Was gemeinn\u00fctzige Organisationen leisten<\/strong><\/h3>\n\n\n\n<p>In Deutschland engagieren sich viele Organisationen f\u00fcr die Situation von Frauen: von bundesweiten Dachverb\u00e4nden \u00fcber spezialisierte Beratungsstellen bis hin zu lokalen Initiativen.<\/p>\n\n\n\n<h5 class=\"wp-block-heading\" id=\"h-schutz-vor-gewalt-und-krisenunterstutzung\"><strong>Schutz vor Gewalt und Krisenunterst\u00fctzung<\/strong><\/h5>\n\n\n\n<p>Frauenh\u00e4user, Beratungsstellen und Notaufnahmen bilden das wichtigste Netz f\u00fcr Frauen in akuten Krisen. Bundesweit aktiv sind die <a href=\"https:\/\/www.frauenhauskoordinierung.de\" target=\"_blank\" rel=\"noreferrer noopener\"><strong>Frauenhauskoordinierung e.V.<\/strong><\/a>, der <a href=\"https:\/\/www.frauen-gegen-gewalt.de\" target=\"_blank\" rel=\"noreferrer noopener\"><strong>bff Frauen gegen Gewalt e.V.<\/strong><\/a> mit \u00fcber 210 angeschlossenen Beratungsstellen sowie das <a href=\"https:\/\/www.hilfetelefon.de\" target=\"_blank\" rel=\"noreferrer noopener\"><strong>Hilfetelefon \u201eGewalt gegen Frauen&#8220;<\/strong><\/a>, das rund um die Uhr erreichbar ist. Wohlfahrtsverb\u00e4nde wie <a href=\"https:\/\/www.diakonie.de\/wissen-kompakt-frauenhaeuser\" target=\"_blank\" rel=\"noreferrer noopener\"><strong>Diakonie<\/strong><\/a>, <a href=\"https:\/\/www.caritas.de\/ehrenamt\/mitarbeit-im-caritas-frauenhaus\/996375\/\" target=\"_blank\" rel=\"noreferrer noopener\"><strong>Caritas<\/strong><\/a> und der <a href=\"https:\/\/skf-berlin.de\/\" target=\"_blank\" rel=\"noreferrer noopener\"><strong>Sozialdienst katholischer Frauen (SkF)<\/strong><\/a> betreiben eigene H\u00e4user und Beratungsangebote.<\/p>\n\n\n\n<h5 class=\"wp-block-heading\" id=\"h-bildung-integration-und-alltagsunterstutzung\"><strong>Bildung, Integration und Alltagsunterst\u00fctzung<\/strong><\/h5>\n\n\n\n<p>Besonders f\u00fcr zugewanderte und gefl\u00fcchtete Frauen fehlen oft grundlegende Voraussetzungen f\u00fcr ein selbstbestimmtes Leben: Sprachkenntnisse, Mobilit\u00e4t, Alltagsorientierung.&nbsp;<\/p>\n\n\n\n<p><a href=\"https:\/\/bikeygees.org\/\" target=\"_blank\" rel=\"noreferrer noopener\"><strong>#BIKEYGEES e.V.<\/strong><\/a> (Berlin) und <a href=\"https:\/\/bikebridge.org\/berlin\/\" target=\"_blank\" rel=\"noreferrer noopener\"><strong>Bike Bridge e.V.<\/strong><\/a> (Freiburg) bringen Frauen mit und ohne Fluchtgeschichte kostenlos das Fahrradfahren bei, f\u00fcr mehr Mobilit\u00e4t und Selbstbestimmung im Alltag. <a href=\"https:\/\/www.invia-deutschland.de\/\" target=\"_blank\" rel=\"noreferrer noopener\"><strong>IN VIA Deutschland<\/strong><\/a> begleitet gefl\u00fcchtete Frauen mit Sprachkursen, Begegnungscaf\u00e9s und Patenschaftsprojekten. Bundesweit vermittelt das Programm <a href=\"https:\/\/www.bmbfsfj.bund.de\/bmbfsfj\/themen\/engagement-und-gesellschaft\/engagement-staerken\/menschen-staerken-menschen\" target=\"_blank\" rel=\"noreferrer noopener\"><strong>\u201eMenschen st\u00e4rken Menschen&#8220;<\/strong> (BMFSFJ)<\/a> Patenschaften zwischen Freiwilligen und Frauen mit Migrationsgeschichte. Koordiniert wird vieles davon durch den <a href=\"https:\/\/www.damigra.de\/\" target=\"_blank\" rel=\"noreferrer noopener\"><strong>Dachverband der Migrantinnenorganisationen (DaMigra e.V.)<\/strong><\/a>, der \u00fcber 70 Mitgliedsorganisationen vernetzt.<\/p>\n\n\n\n<h5 class=\"wp-block-heading\" id=\"h-beruf-gleichstellung-und-offentlichkeit\"><strong>Beruf, Gleichstellung und \u00d6ffentlichkeit<\/strong><\/h5>\n\n\n\n<p><a href=\"https:\/\/unwomen.de\/\" target=\"_blank\" rel=\"noreferrer noopener\"><strong>UN Women Deutschland<\/strong><\/a> und der <a href=\"https:\/\/www.frauenrat.de\/\" target=\"_blank\" rel=\"noreferrer noopener\"><strong>Deutsche Frauenrat<\/strong><\/a> setzen sich auf politischer Ebene f\u00fcr Gleichstellung ein und machen Themen wie Lohnungleichheit oder Gewaltschutz \u00f6ffentlich sichtbar. Regionale Frauenzentren und Organisationen erg\u00e4nzen das durch Bewerbungscoaching, Berufsberatung und Wiedereinstiegsprogramme. <a href=\"https:\/\/frauenrechte.de\" target=\"_blank\" rel=\"noreferrer noopener\"><strong>TERRE DES FEMMES<\/strong><\/a> engagiert sich mit Kampagnen und Bildungsarbeit f\u00fcr Frauenrechte.&nbsp;<\/p>\n\n\n\n<h3 class=\"wp-block-heading\"><strong>Wie Ehrenamtliche eingebunden sind<\/strong><\/h3>\n\n\n\n<p>Als Ehrenamtliche*r kannst du dich im direkten Kontakt mit Frauen einbringen oder im Hintergrund dazu beitragen, dass Angebote \u00fcberhaupt stattfinden k\u00f6nnen. Die T\u00e4tigkeiten reichen von akuter Krisenunterst\u00fctzung \u00fcber Bildungsarbeit bis hin zu \u00d6ffentlichkeitsarbeit und politischem Engagement.&nbsp;<\/p>\n\n\n\n<h4 class=\"wp-block-heading\" id=\"block-b4439811-6dbe-424b-a7ce-e4d99e50a653\"><strong>Typische T\u00e4tigkeitsfelder im Ehrenamt mit Frauen<\/strong><\/h4>\n\n\n\n<figure class=\"wp-block-image size-large\"><img loading=\"lazy\" decoding=\"async\" width=\"1024\" height=\"341\" src=\"https:\/\/vostel.de\/blog\/wp-content\/uploads\/2026\/03\/Taetigkeiten-Ehrenamt-Frauen-1024x341.png\" alt=\"T\u00e4tigkeiten im Ehrenamt mit Frauen\" class=\"wp-image-17253\" srcset=\"https:\/\/vostel.de\/blog\/wp-content\/uploads\/2026\/03\/Taetigkeiten-Ehrenamt-Frauen-1024x341.png 1024w, https:\/\/vostel.de\/blog\/wp-content\/uploads\/2026\/03\/Taetigkeiten-Ehrenamt-Frauen-300x100.png 300w, https:\/\/vostel.de\/blog\/wp-content\/uploads\/2026\/03\/Taetigkeiten-Ehrenamt-Frauen-768x256.png 768w, https:\/\/vostel.de\/blog\/wp-content\/uploads\/2026\/03\/Taetigkeiten-Ehrenamt-Frauen.png 1200w\" sizes=\"auto, (max-width: 1024px) 100vw, 1024px\" \/><\/figure>\n\n\n\n<p id=\"block-adf5a40d-357f-4777-9f55-1931aa244633\">Als Ehrenamtliche*r kannst du dich auf vielf\u00e4ltige Weise einbringen, zum Beispiel:<\/p>\n\n\n\n<ul id=\"block-ed0a87de-9021-4d58-b8e5-9eedbad9333f\" class=\"wp-block-list\">\n<li><strong>Alltagsbegleitung:<\/strong> Du unterst\u00fctzt Frauen in Beratungsstellen, begleitest sie zu Beh\u00f6rden und \u00c4mtern und hilfst ihnen, sich im Unterst\u00fctzungssystem zu orientieren.<\/li>\n<\/ul>\n\n\n\n<p><\/p>\n\n\n\n<ul id=\"block-ed0a87de-9021-4d58-b8e5-9eedbad9333f\" class=\"wp-block-list\">\n<li><strong>Berufliches Mentoring:<\/strong> Du begleitest Frauen mit Migrations- oder Fluchtgeschichte bei der Jobsuche, hilfst bei Bewerbungsunterlagen und stehst als Mentorin zur Seite.<\/li>\n<\/ul>\n\n\n\n<p><\/p>\n\n\n\n<ul id=\"block-ed0a87de-9021-4d58-b8e5-9eedbad9333f\" class=\"wp-block-list\">\n<li><strong>Lernunterst\u00fctzung und Sprachf\u00f6rderung:<\/strong> Du leitest Gespr\u00e4chskreise auf Deutsch, unterst\u00fctzt M\u00e4dchen bei Hausaufgaben oder hilfst Frauen dabei, ihre Deutschkenntnisse im Alltag zu festigen.<\/li>\n<\/ul>\n\n\n\n<p><\/p>\n\n\n\n<ul id=\"block-ed0a87de-9021-4d58-b8e5-9eedbad9333f\" class=\"wp-block-list\">\n<li><strong>Kinderbetreuung:<\/strong> Du unterst\u00fctzt Frauen in schwierigen Lebenssituationen bei der Betreuung ihrer Kinder und schaffst so Entlastung und schenkst den Kindern zus\u00e4tzlichen Halt.<\/li>\n<\/ul>\n\n\n\n<p><\/p>\n\n\n\n<ul id=\"block-ed0a87de-9021-4d58-b8e5-9eedbad9333f\" class=\"wp-block-list\">\n<li><strong>Gesundheit und F\u00fcrsorge:<\/strong> Du hilfst in Gesundheitszentren bei praktischen Aufgaben, begleitest Frauen zu Arztterminen oder unterst\u00fctzt pflegende T\u00e4tigkeiten im Alltag.<\/li>\n<\/ul>\n\n\n\n<p><\/p>\n\n\n\n<ul id=\"block-ed0a87de-9021-4d58-b8e5-9eedbad9333f\" class=\"wp-block-list\">\n<li><strong>\u00d6ffentlichkeitsarbeit und Kommunikation:<\/strong> Du unterst\u00fctzt Organisationen in der \u00d6ffentlichkeits- und Social-Media-Arbeit, zum Beispiel f\u00fcr Initiativen zu Frauenrechten oder psychischer Gesundheit.<\/li>\n<\/ul>\n\n\n\n<p><\/p>\n\n\n\n<ul id=\"block-ed0a87de-9021-4d58-b8e5-9eedbad9333f\" class=\"wp-block-list\">\n<li><strong>Projektmanagement und Organisation:<\/strong> Du bringst dich in Koordinationsrollen ein, etwa als Event- oder Engagement-Manager*in bei Organisationen, die sich f\u00fcr Frauen einsetzen.<\/li>\n<\/ul>\n\n\n\n<div class=\"wp-block-group\"><div class=\"wp-block-group__inner-container is-layout-flow wp-block-group-is-layout-flow\">\n<div class=\"wp-block-button aligncenter\"><a class=\"wp-block-button__link has-white-color has-accent-background-color has-text-color has-background wp-element-button\" href=\"https:\/\/vostel.de\/de\/volunteering\/projects?target_group%5B%5D=women\" style=\"border-radius:20px\" target=\"_blank\" rel=\"noreferrer noopener\">Zu den Engagementm\u00f6glichkeiten<\/a><\/div>\n<\/div><\/div>\n\n\n\n<h2 class=\"wp-block-heading\" id=\"observe\"><strong>3. <strong>Worauf du beim Ehrenamt mit Frauen achten solltest<\/strong><\/strong><\/h2>\n\n\n\n<figure class=\"wp-block-image size-large\"><img loading=\"lazy\" decoding=\"async\" width=\"1024\" height=\"341\" src=\"https:\/\/vostel.de\/blog\/wp-content\/uploads\/2026\/03\/BLOG-Zwischenbilder-2026-1-1024x341.png\" alt=\"Zwischenbild: Ehrenamt mit Frauen - Frauen in einer Fahrradgruppe, bekommen etwas erkl\u00e4rt.\" class=\"wp-image-17259\" srcset=\"https:\/\/vostel.de\/blog\/wp-content\/uploads\/2026\/03\/BLOG-Zwischenbilder-2026-1-1024x341.png 1024w, https:\/\/vostel.de\/blog\/wp-content\/uploads\/2026\/03\/BLOG-Zwischenbilder-2026-1-300x100.png 300w, https:\/\/vostel.de\/blog\/wp-content\/uploads\/2026\/03\/BLOG-Zwischenbilder-2026-1-768x256.png 768w, https:\/\/vostel.de\/blog\/wp-content\/uploads\/2026\/03\/BLOG-Zwischenbilder-2026-1.png 1200w\" sizes=\"auto, (max-width: 1024px) 100vw, 1024px\" \/><\/figure>\n\n\n\n<div class=\"wp-block-advgb-accordions advgb-accordions-c840d2c3-932f-46ec-934f-6a703f624912 advgb-accordion-wrapper\" data-collapsed=\"true\">\n<div class=\"wp-block-advgb-accordion-item advgb-accordion-item advgb-dyn-2cb44952\" style=\"margin-bottom:15px\"><div class=\"advgb-accordion-header\" style=\"background-color:#f1f3f6;color:#283d71;border-style:solid;border-width:0px;border-radius:15px\"><span class=\"advgb-accordion-header-icon accordion-state\"><svg class=\"advgb-icon-closed\" fill=\"#283d71\" xmlns=\"http:\/\/www.w3.org\/2000\/svg\" width=\"24\" height=\"24\" viewBox=\"0 0 24 24\"><path fill=\"none\" d=\"M0,0h24v24H0V0z\"><\/path><path d=\"M19,13h-6v6h-2v-6H5v-2h6V5h2v6h6V13z\"><\/path><\/svg><svg class=\"advgb-icon-opened\" fill=\"#283d71\" xmlns=\"http:\/\/www.w3.org\/2000\/svg\" width=\"24\" height=\"24\" viewBox=\"0 0 24 24\"><path fill=\"none\" d=\"M0,0h24v24H0V0z\"><\/path><path d=\"M19,13H5v-2h14V13z\"><\/path><\/svg><\/span><h4 class=\"advgb-accordion-header-title\" style=\"color:inherit\"><strong><strong><strong><strong><strong><strong><strong>R\u00fccksichtsvolle Begleitung<\/strong><\/strong><\/strong><\/strong><\/strong><\/strong><\/strong><\/h4><\/div><div class=\"advgb-accordion-body\" style=\"border-style:solid !important;border-width:0px !important;border-color:undefined !important;border-top:none !important;border-radius:15px !important\">\n<p>Wenn du Frauen begleitest, die Gewalt erlebt haben, ist es wichtig, pr\u00e4sent zu sein, ohne Druck auszu\u00fcben oder Erwartungen zu haben. Denn viele Frauen haben erlebt, dass andere \u00fcber sie bestimmen. Deine Rolle ist es daher, Optionen aufzuzeigen und zu unterst\u00fctzen. Selbstbestimmung sollte immer die Grundlage sein.<\/p>\n<\/div><\/div>\n\n\n\n<div class=\"wp-block-advgb-accordion-item advgb-accordion-item advgb-dyn-b2fddb55\" style=\"margin-bottom:15px\"><div class=\"advgb-accordion-header\" style=\"background-color:#f1f3f6;color:#283d71;border-style:solid;border-width:0px;border-radius:15px\"><span class=\"advgb-accordion-header-icon accordion-state\"><svg class=\"advgb-icon-closed\" fill=\"#283d71\" xmlns=\"http:\/\/www.w3.org\/2000\/svg\" width=\"24\" height=\"24\" viewBox=\"0 0 24 24\"><path fill=\"none\" d=\"M0,0h24v24H0V0z\"><\/path><path d=\"M19,13h-6v6h-2v-6H5v-2h6V5h2v6h6V13z\"><\/path><\/svg><svg class=\"advgb-icon-opened\" fill=\"#283d71\" xmlns=\"http:\/\/www.w3.org\/2000\/svg\" width=\"24\" height=\"24\" viewBox=\"0 0 24 24\"><path fill=\"none\" d=\"M0,0h24v24H0V0z\"><\/path><path d=\"M19,13H5v-2h14V13z\"><\/path><\/svg><\/span><h4 class=\"advgb-accordion-header-title\" style=\"color:inherit\"><strong><strong><strong><strong><strong><strong>Motivation wichtiger als Vorwissen<\/strong><\/strong><\/strong><\/strong><\/strong><\/strong><\/h4><\/div><div class=\"advgb-accordion-body\" style=\"border-style:solid !important;border-width:0px !important;border-color:undefined !important;border-top:none !important;border-radius:15px !important\">\n<p>Du brauchst keine Ausbildung in Sozialarbeit, P\u00e4dagogik oder Psychologie. Fast alle Organisationen bieten Einf\u00fchrungen an, in denen du lernst, wie du in schwierigen Momenten reagierst und wann du weitervermittelst. F\u00fcr manche T\u00e4tigkeiten, besonders in Frauenh\u00e4usern und Beratungsstellen, ist ein erweitertes polizeiliches F\u00fchrungszeugnis n\u00f6tig.<\/p>\n<\/div><\/div>\n\n\n\n<div class=\"wp-block-advgb-accordion-item advgb-accordion-item\" style=\"margin-bottom:15px\"><div class=\"advgb-accordion-header\" style=\"background-color:#f1f3f6;color:#283d71;border-style:solid;border-width:0px;border-radius:15px\"><span class=\"advgb-accordion-header-icon accordion-state\"><svg class=\"advgb-icon-closed\" fill=\"#283d71\" xmlns=\"http:\/\/www.w3.org\/2000\/svg\" width=\"24\" height=\"24\" viewBox=\"0 0 24 24\"><path fill=\"none\" d=\"M0,0h24v24H0V0z\"><\/path><path d=\"M19,13h-6v6h-2v-6H5v-2h6V5h2v6h6V13z\"><\/path><\/svg><svg class=\"advgb-icon-opened\" fill=\"#283d71\" xmlns=\"http:\/\/www.w3.org\/2000\/svg\" width=\"24\" height=\"24\" viewBox=\"0 0 24 24\"><path fill=\"none\" d=\"M0,0h24v24H0V0z\"><\/path><path d=\"M19,13H5v-2h14V13z\"><\/path><\/svg><\/span><h4 class=\"advgb-accordion-header-title\" style=\"color:inherit\"><strong><strong><strong><strong><strong><strong><strong>Vertraulichkeit<\/strong><\/strong><\/strong><\/strong><\/strong><\/strong><\/strong> ist Pflicht<\/h4><\/div><div class=\"advgb-accordion-body\" style=\"border-style:solid !important;border-width:0px !important;border-color:undefined !important;border-top:none !important;border-radius:15px !important\">\n<p>Was du im Ehrenamt erf\u00e4hrst, bleibt dort. Das gilt besonders, wenn du mit Frauen arbeitest, die Gewalt erlebt haben. Aber auch im Mentoring oder Sprachkurs teilen Frauen pers\u00f6nliche Dinge: Verschwiegenheit ist \u00fcberall Grundlage des Vertrauens.<\/p>\n<\/div><\/div>\n\n\n\n<div class=\"wp-block-advgb-accordion-item advgb-accordion-item\" style=\"margin-bottom:15px\"><div class=\"advgb-accordion-header\" style=\"background-color:#f1f3f6;color:#283d71;border-style:solid;border-width:0px;border-radius:15px\"><span class=\"advgb-accordion-header-icon accordion-state\"><svg class=\"advgb-icon-closed\" fill=\"#283d71\" xmlns=\"http:\/\/www.w3.org\/2000\/svg\" width=\"24\" height=\"24\" viewBox=\"0 0 24 24\"><path fill=\"none\" d=\"M0,0h24v24H0V0z\"><\/path><path d=\"M19,13h-6v6h-2v-6H5v-2h6V5h2v6h6V13z\"><\/path><\/svg><svg class=\"advgb-icon-opened\" fill=\"#283d71\" xmlns=\"http:\/\/www.w3.org\/2000\/svg\" width=\"24\" height=\"24\" viewBox=\"0 0 24 24\"><path fill=\"none\" d=\"M0,0h24v24H0V0z\"><\/path><path d=\"M19,13H5v-2h14V13z\"><\/path><\/svg><\/span><h4 class=\"advgb-accordion-header-title\" style=\"color:inherit\"><strong><strong><strong><strong><strong><strong>Eigene Grenzen kennen<\/strong><\/strong><\/strong><\/strong><\/strong><\/strong><\/h4><\/div><div class=\"advgb-accordion-body\" style=\"border-style:solid !important;border-width:0px !important;border-color:undefined !important;border-top:none !important;border-radius:15px !important\">\n<p>Ob du Geschichten von Gewalterfahrungen h\u00f6rst oder eine Frau beim schwierigen Wiedereinstieg in den Beruf begleitest: Manches bleibt h\u00e4ngen. Nutze Supervisions- und Austauschangebote und sprich mit deiner Ansprechperson, wenn dich etwas besch\u00e4ftigt.<\/p>\n<\/div><\/div>\n<\/div>\n\n\n\n<h2 class=\"wp-block-heading\" id=\"vostel\"><strong><strong>4. Finde dein Ehrenamt mit Frauen auf vostel.de<\/strong><\/strong><\/h2>\n\n\n\n<p id=\"block-146fccd8-e3a0-4634-8fd6-9b9d29f2c852\">Ob Beratung, Begleitung, \u00d6ffentlichkeitsarbeit oder praktische Unterst\u00fctzung: Auf vostel.de findest du passende M\u00f6glichkeiten, Frauen in deiner N\u00e4he oder auch ortsunabh\u00e4ngig zu unterst\u00fctzen. Schau einfach in unsere \u00dcbersicht und finde das Ehrenamt, das zu dir passt.<\/p>\n\n\n\n<div class=\"wp-block-group\"><div class=\"wp-block-group__inner-container is-layout-flow wp-block-group-is-layout-flow\">\n<div class=\"wp-block-button aligncenter\"><a class=\"wp-block-button__link has-white-color has-accent-background-color has-text-color has-background wp-element-button\" href=\"https:\/\/vostel.de\/de\/volunteering\/projects?target_group%5B%5D=women\" style=\"border-radius:20px\" target=\"_blank\" rel=\"noreferrer noopener\">Jetzt engagieren<\/a><\/div>\n\n\n\n<hr class=\"wp-block-separator has-alpha-channel-opacity\"\/>\n<\/div><\/div>\n\n\n\n<h2 class=\"wp-block-heading\" id=\"faq\"><strong>FAQ \u2013 <strong>H\u00e4ufige Fragen zum Ehrenamt mit Frauen<\/strong><\/strong><\/h2>\n\n\n\n<div class=\"wp-block-advgb-accordions advgb-accordions-a9cbb158-0071-42a5-b533-ea5cdb014aa9 advgb-accordion-wrapper\" data-collapsed=\"true\">\n<div class=\"wp-block-advgb-accordion-item advgb-accordion-item advgb-dyn-f7bbabba\" style=\"margin-bottom:15px\"><div class=\"advgb-accordion-header\" style=\"background-color:#f1f3f6;color:#283d71;border-style:solid;border-width:0px;border-radius:15px\"><span class=\"advgb-accordion-header-icon accordion-state\"><svg class=\"advgb-icon-closed\" fill=\"#283d71\" xmlns=\"http:\/\/www.w3.org\/2000\/svg\" width=\"24\" height=\"24\" viewBox=\"0 0 24 24\"><path fill=\"none\" d=\"M0,0h24v24H0V0z\"><\/path><path d=\"M19,13h-6v6h-2v-6H5v-2h6V5h2v6h6V13z\"><\/path><\/svg><svg class=\"advgb-icon-opened\" fill=\"#283d71\" xmlns=\"http:\/\/www.w3.org\/2000\/svg\" width=\"24\" height=\"24\" viewBox=\"0 0 24 24\"><path fill=\"none\" d=\"M0,0h24v24H0V0z\"><\/path><path d=\"M19,13H5v-2h14V13z\"><\/path><\/svg><\/span><h4 class=\"advgb-accordion-header-title\" style=\"color:inherit\"><strong><strong><strong><strong><strong>Muss ich besondere Vorkenntnisse mitbringen?<\/strong><\/strong><\/strong><\/strong><\/strong><\/h4><\/div><div class=\"advgb-accordion-body\" style=\"border-style:solid !important;border-width:0px !important;border-color:undefined !important;border-top:none !important;border-radius:15px !important\">\n<p>Nein. Die meisten Organisationen setzen keine spezifische Ausbildung voraus. Wichtiger sind Empathie, Zuverl\u00e4ssigkeit und die Bereitschaft, dich einzuarbeiten. Viele Einrichtungen bieten eigene Einf\u00fchrungen und Schulungen an, die dich auf deine T\u00e4tigkeit vorbereiten.<\/p>\n<\/div><\/div>\n\n\n\n<div class=\"wp-block-advgb-accordion-item advgb-accordion-item advgb-dyn-3291d2e7\" style=\"margin-bottom:15px\"><div class=\"advgb-accordion-header\" style=\"background-color:#f1f3f6;color:#283d71;border-style:solid;border-width:0px;border-radius:15px\"><span class=\"advgb-accordion-header-icon accordion-state\"><svg class=\"advgb-icon-closed\" fill=\"#283d71\" xmlns=\"http:\/\/www.w3.org\/2000\/svg\" width=\"24\" height=\"24\" viewBox=\"0 0 24 24\"><path fill=\"none\" d=\"M0,0h24v24H0V0z\"><\/path><path d=\"M19,13h-6v6h-2v-6H5v-2h6V5h2v6h6V13z\"><\/path><\/svg><svg class=\"advgb-icon-opened\" fill=\"#283d71\" xmlns=\"http:\/\/www.w3.org\/2000\/svg\" width=\"24\" height=\"24\" viewBox=\"0 0 24 24\"><path fill=\"none\" d=\"M0,0h24v24H0V0z\"><\/path><path d=\"M19,13H5v-2h14V13z\"><\/path><\/svg><\/span><h4 class=\"advgb-accordion-header-title\" style=\"color:inherit\"><strong><strong><strong><strong><strong>Kann ich mich auch als Mann engagieren?<\/strong><\/strong><\/strong><\/strong><\/strong><\/h4><\/div><div class=\"advgb-accordion-body\" style=\"border-style:solid !important;border-width:0px !important;border-color:undefined !important;border-top:none !important;border-radius:15px !important\">\n<p>Ja, in vielen Bereichen schon. Im direkten Kontakt in Frauenh\u00e4usern gilt in der Regel der Schutzraumgedanke, der den Zugang f\u00fcr M\u00e4nner einschr\u00e4nkt. In der \u00d6ffentlichkeitsarbeit, bei Veranstaltungen oder in organisatorischen Aufgaben sind M\u00e4nner jedoch herzlich willkommen. Informiere dich direkt bei der jeweiligen Organisation \u00fcber die konkreten M\u00f6glichkeiten.<\/p>\n<\/div><\/div>\n\n\n\n<div class=\"wp-block-advgb-accordion-item advgb-accordion-item\" style=\"margin-bottom:15px\"><div class=\"advgb-accordion-header\" style=\"background-color:#f1f3f6;color:#283d71;border-style:solid;border-width:0px;border-radius:15px\"><span class=\"advgb-accordion-header-icon accordion-state\"><svg class=\"advgb-icon-closed\" fill=\"#283d71\" xmlns=\"http:\/\/www.w3.org\/2000\/svg\" width=\"24\" height=\"24\" viewBox=\"0 0 24 24\"><path fill=\"none\" d=\"M0,0h24v24H0V0z\"><\/path><path d=\"M19,13h-6v6h-2v-6H5v-2h6V5h2v6h6V13z\"><\/path><\/svg><svg class=\"advgb-icon-opened\" fill=\"#283d71\" xmlns=\"http:\/\/www.w3.org\/2000\/svg\" width=\"24\" height=\"24\" viewBox=\"0 0 24 24\"><path fill=\"none\" d=\"M0,0h24v24H0V0z\"><\/path><path d=\"M19,13H5v-2h14V13z\"><\/path><\/svg><\/span><h4 class=\"advgb-accordion-header-title\" style=\"color:inherit\"><strong><strong><strong><strong><strong>Wie viel Zeit muss ich einplanen?<\/strong><\/strong><\/strong><\/strong><\/strong><\/h4><\/div><div class=\"advgb-accordion-body\" style=\"border-style:solid !important;border-width:0px !important;border-color:undefined !important;border-top:none !important;border-radius:15px !important\">\n<p>Das h\u00e4ngt von der T\u00e4tigkeit und der Organisation ab. Viele Engagementm\u00f6glichkeiten sind flexibel gestaltet, von wenigen Stunden im Monat bis hin zu regelm\u00e4\u00dfigen w\u00f6chentlichen Eins\u00e4tzen. Auf vostel.de kannst du gezielt nach einmaligen, projektbasierten oder regelm\u00e4\u00dfigen Angeboten filtern.<\/p>\n<\/div><\/div>\n\n\n\n<div class=\"wp-block-advgb-accordion-item advgb-accordion-item advgb-dyn-cde44607\" style=\"margin-bottom:15px\"><div class=\"advgb-accordion-header\" style=\"background-color:#f1f3f6;color:#283d71;border-style:solid;border-width:0px;border-radius:15px\"><span class=\"advgb-accordion-header-icon accordion-state\"><svg class=\"advgb-icon-closed\" fill=\"#283d71\" xmlns=\"http:\/\/www.w3.org\/2000\/svg\" width=\"24\" height=\"24\" viewBox=\"0 0 24 24\"><path fill=\"none\" d=\"M0,0h24v24H0V0z\"><\/path><path d=\"M19,13h-6v6h-2v-6H5v-2h6V5h2v6h6V13z\"><\/path><\/svg><svg class=\"advgb-icon-opened\" fill=\"#283d71\" xmlns=\"http:\/\/www.w3.org\/2000\/svg\" width=\"24\" height=\"24\" viewBox=\"0 0 24 24\"><path fill=\"none\" d=\"M0,0h24v24H0V0z\"><\/path><path d=\"M19,13H5v-2h14V13z\"><\/path><\/svg><\/span><h4 class=\"advgb-accordion-header-title\" style=\"color:inherit\"><strong><strong><strong><strong>Wie gehe ich mit belastenden Erlebnissen um?<\/strong><\/strong><\/strong><\/strong><\/h4><\/div><div class=\"advgb-accordion-body\" style=\"border-style:solid !important;border-width:0px !important;border-color:undefined !important;border-top:none !important;border-radius:15px !important\">\n<p>Sprich offen mit den hauptamtlichen Ansprechpersonen der Organisation, bei der du aktiv bist. Viele Einrichtungen bieten Supervision oder regelm\u00e4\u00dfige Austauschrunden f\u00fcr Ehrenamtliche an. Nimm diese Angebote wahr und scheue dich nicht, Grenzen zu kommunizieren.<\/p>\n<\/div><\/div>\n\n\n\n<div class=\"wp-block-advgb-accordion-item advgb-accordion-item advgb-dyn-78a67f9d\" style=\"margin-bottom:15px\"><div class=\"advgb-accordion-header\" style=\"background-color:#f1f3f6;color:#283d71;border-style:solid;border-width:0px;border-radius:15px\"><span class=\"advgb-accordion-header-icon accordion-state\"><svg class=\"advgb-icon-closed\" fill=\"#283d71\" xmlns=\"http:\/\/www.w3.org\/2000\/svg\" width=\"24\" height=\"24\" viewBox=\"0 0 24 24\"><path fill=\"none\" d=\"M0,0h24v24H0V0z\"><\/path><path d=\"M19,13h-6v6h-2v-6H5v-2h6V5h2v6h6V13z\"><\/path><\/svg><svg class=\"advgb-icon-opened\" fill=\"#283d71\" xmlns=\"http:\/\/www.w3.org\/2000\/svg\" width=\"24\" height=\"24\" viewBox=\"0 0 24 24\"><path fill=\"none\" d=\"M0,0h24v24H0V0z\"><\/path><path d=\"M19,13H5v-2h14V13z\"><\/path><\/svg><\/span><h4 class=\"advgb-accordion-header-title\" style=\"color:inherit\"><strong><strong><strong><strong><strong>Was bewirkt ehrenamtliches Engagement f\u00fcr betroffene Frauen?<\/strong><\/strong><\/strong><\/strong><\/strong><\/h4><\/div><div class=\"advgb-accordion-body\" style=\"border-style:solid !important;border-width:0px !important;border-color:undefined !important;border-top:none !important;border-radius:15px !important\">\n<p>Ehrenamtliches Engagement kann f\u00fcr betroffene Frauen einen entscheidenden Unterschied machen. Eine ehrenamtliche Telefonbereitschaft nachts bedeutet, dass eine Frau in einer akuten Krisensituation nicht ins Leere l\u00e4uft. Kinderbetreuung im Frauenhaus gibt Kindern trotz schwieriger Umst\u00e4nde ein St\u00fcck Normalit\u00e4t. Und \u00d6ffentlichkeitsarbeit sorgt daf\u00fcr, dass das Thema gesellschaftlich sichtbar bleibt. Ehrenamtliches Engagement schlie\u00dft L\u00fccken, die das System allein nicht f\u00fcllen kann.<\/p>\n<\/div><\/div>\n<\/div>\n\n\n\n<hr class=\"wp-block-separator has-css-opacity is-style-dots\"\/>\n\n\n\n<div class=\"wp-block-media-text has-media-on-the-right is-stacked-on-mobile\" style=\"grid-template-columns:auto 63%\"><div class=\"wp-block-media-text__content\">\n<p class=\"has-text-align-right\" style=\"font-size:18px\">Dein <a href=\"https:\/\/vostel.de\/de\/ueber_vostel\">vostel.de<\/a> Team w\u00fcnscht dir wertvolle Erfahrungen in deinem Ehrenamt mit Frauen!<br><\/p>\n<\/div><figure class=\"wp-block-media-text__media\"><a href=\"https:\/\/vostel.de\/de\/ueber_vostel\" target=\"_blank\" rel=\"noopener\"><img loading=\"lazy\" decoding=\"async\" width=\"945\" height=\"563\" src=\"https:\/\/vostel.de\/blog\/wp-content\/uploads\/2023\/06\/240620_Vostel_Teamfotos-14_TinaEichner-1-e1722506105281.jpg\" alt=\"Das vostel.de Team\" class=\"wp-image-13854 size-full\" srcset=\"https:\/\/vostel.de\/blog\/wp-content\/uploads\/2023\/06\/240620_Vostel_Teamfotos-14_TinaEichner-1-e1722506105281.jpg 945w, https:\/\/vostel.de\/blog\/wp-content\/uploads\/2023\/06\/240620_Vostel_Teamfotos-14_TinaEichner-1-e1722506105281-300x179.jpg 300w, https:\/\/vostel.de\/blog\/wp-content\/uploads\/2023\/06\/240620_Vostel_Teamfotos-14_TinaEichner-1-e1722506105281-768x458.jpg 768w\" sizes=\"auto, (max-width: 945px) 100vw, 945px\" \/><\/a><\/figure><\/div>\n\n\n<div class=\"wp-block-image is-resized\">\n<figure class=\"aligncenter size-large\"><img loading=\"lazy\" decoding=\"async\" width=\"1024\" height=\"1024\" src=\"https:\/\/vostel.de\/blog\/wp-content\/uploads\/2020\/03\/NPO2_SEITE_ICONS_bekanntmachung-1024x1024.png\" alt=\"\" class=\"wp-image-2362\" style=\"width:88px;height:auto\" srcset=\"https:\/\/vostel.de\/blog\/wp-content\/uploads\/2020\/03\/NPO2_SEITE_ICONS_bekanntmachung-1024x1024.png 1024w, https:\/\/vostel.de\/blog\/wp-content\/uploads\/2020\/03\/NPO2_SEITE_ICONS_bekanntmachung-300x300.png 300w, https:\/\/vostel.de\/blog\/wp-content\/uploads\/2020\/03\/NPO2_SEITE_ICONS_bekanntmachung-150x150.png 150w, https:\/\/vostel.de\/blog\/wp-content\/uploads\/2020\/03\/NPO2_SEITE_ICONS_bekanntmachung-768x768.png 768w, https:\/\/vostel.de\/blog\/wp-content\/uploads\/2020\/03\/NPO2_SEITE_ICONS_bekanntmachung-1536x1536.png 1536w, https:\/\/vostel.de\/blog\/wp-content\/uploads\/2020\/03\/NPO2_SEITE_ICONS_bekanntmachung-2048x2048.png 2048w, https:\/\/vostel.de\/blog\/wp-content\/uploads\/2020\/03\/NPO2_SEITE_ICONS_bekanntmachung-88x88.png 88w, https:\/\/vostel.de\/blog\/wp-content\/uploads\/2020\/03\/NPO2_SEITE_ICONS_bekanntmachung-816x816.png 816w\" sizes=\"auto, (max-width: 1024px) 100vw, 1024px\" \/><\/figure>\n<\/div>","protected":false},"excerpt":{"rendered":"<p>Gleichberechtigung ist in Deutschland gesetzlich verankert, im Alltag aber l\u00e4ngst nicht \u00fcberall Realit\u00e4t. Frauen sind h\u00e4ufiger von Armut, Gewalt und beruflicher Benachteiligung betroffen, tragen den gr\u00f6\u00dften Teil unbezahlter Care-Arbeit und sind in politischen wie wirtschaftlichen F\u00fchrungspositionen nach wie vor unterrepr\u00e4sentiert.&nbsp; In diesem Beitrag erf\u00e4hrst du mehr dar\u00fcber, vor welchen Herausforderungen viele Frauen in Deutschland stehen, [&hellip;]<\/p>\n","protected":false},"author":47,"featured_media":17257,"comment_status":"open","ping_status":"open","sticky":false,"template":"","format":"standard","meta":{"advgb_blocks_editor_width":"","advgb_blocks_columns_visual_guide":"","footnotes":""},"categories":[315,302,267],"tags":[406,179,364],"class_list":["post-17235","post","type-post","status-publish","format-standard","has-post-thumbnail","hentry","category-engagementmoeglichkeiten","category-tipps-inspiration","category-zahlen-und-fakten","tag-ehrenamt-erklaert","tag-ehrenamt","tag-frauen"],"yoast_head":"<!-- This site is optimized with the Yoast SEO Premium plugin v27.4 (Yoast SEO v27.4) - https:\/\/yoast.com\/product\/yoast-seo-premium-wordpress\/ -->\n<title>Ehrenamt mit Frauen: Das erwartet dich | vostel.de<\/title>\n<meta name=\"description\" content=\"Ehrenamt mit Frauen: Gewalt, Ungleichheit und mangelnde Teilhabe betreffen Millionen. Erfahre, wie du dich jetzt f\u00fcr sie engagieren kannst \u25bb\" \/>\n<meta name=\"robots\" content=\"index, follow, max-snippet:-1, max-image-preview:large, max-video-preview:-1\" \/>\n<link rel=\"canonical\" href=\"https:\/\/vostel.de\/blog\/ehrenamt-mit-frauen\/\" \/>\n<meta property=\"og:locale\" content=\"de_DE\" \/>\n<meta property=\"og:type\" content=\"article\" \/>\n<meta property=\"og:title\" content=\"Ehrenamt mit Frauen: Das erwartet dich\" \/>\n<meta property=\"og:description\" content=\"Ehrenamt mit Frauen: Gewalt, Ungleichheit und mangelnde Teilhabe betreffen Millionen. Erfahre, wie du dich jetzt f\u00fcr sie engagieren kannst \u25bb\" \/>\n<meta property=\"og:url\" content=\"https:\/\/vostel.de\/blog\/ehrenamt-mit-frauen\/\" \/>\n<meta property=\"og:site_name\" content=\"vostel.de Blog\" \/>\n<meta property=\"article:published_time\" content=\"2026-03-11T11:19:59+00:00\" \/>\n<meta property=\"article:modified_time\" content=\"2026-03-11T15:43:42+00:00\" \/>\n<meta property=\"og:image\" content=\"https:\/\/vostel.de\/blog\/wp-content\/uploads\/2026\/03\/Ehrenamt-Frauen_2.png\" \/>\n\t<meta property=\"og:image:width\" content=\"1024\" \/>\n\t<meta property=\"og:image:height\" content=\"512\" \/>\n\t<meta property=\"og:image:type\" content=\"image\/png\" \/>\n<meta name=\"author\" content=\"Miriam\" \/>\n<meta name=\"twitter:card\" content=\"summary_large_image\" \/>\n<meta name=\"twitter:label1\" content=\"Verfasst von\" \/>\n\t<meta name=\"twitter:data1\" content=\"Miriam\" \/>\n\t<meta name=\"twitter:label2\" content=\"Gesch\u00e4tzte Lesezeit\" \/>\n\t<meta name=\"twitter:data2\" content=\"11\u00a0Minuten\" \/>\n<script type=\"application\/ld+json\" class=\"yoast-schema-graph\">{\"@context\":\"https:\\\/\\\/schema.org\",\"@graph\":[{\"@type\":\"Article\",\"@id\":\"https:\\\/\\\/vostel.de\\\/blog\\\/ehrenamt-mit-frauen\\\/#article\",\"isPartOf\":{\"@id\":\"https:\\\/\\\/vostel.de\\\/blog\\\/ehrenamt-mit-frauen\\\/\"},\"author\":{\"name\":\"Miriam\",\"@id\":\"https:\\\/\\\/vostel.de\\\/blog\\\/#\\\/schema\\\/person\\\/bfe950082995f72d898c7551f85f0621\"},\"headline\":\"Ehrenamt mit Frauen: Das erwartet dich\",\"datePublished\":\"2026-03-11T11:19:59+00:00\",\"dateModified\":\"2026-03-11T15:43:42+00:00\",\"mainEntityOfPage\":{\"@id\":\"https:\\\/\\\/vostel.de\\\/blog\\\/ehrenamt-mit-frauen\\\/\"},\"wordCount\":1701,\"commentCount\":0,\"publisher\":{\"@id\":\"https:\\\/\\\/vostel.de\\\/blog\\\/#organization\"},\"image\":{\"@id\":\"https:\\\/\\\/vostel.de\\\/blog\\\/ehrenamt-mit-frauen\\\/#primaryimage\"},\"thumbnailUrl\":\"https:\\\/\\\/vostel.de\\\/blog\\\/wp-content\\\/uploads\\\/2026\\\/03\\\/Ehrenamt-Frauen_2.png\",\"keywords\":[\"#EhrenamtErkl\u00e4rt\",\"Ehrenamt\",\"Frauen\"],\"articleSection\":[\"Engagementm\u00f6glichkeiten\",\"Tipps &amp; Inspiration\",\"Zahlen &amp; Fakten\"],\"inLanguage\":\"de\",\"potentialAction\":[{\"@type\":\"CommentAction\",\"name\":\"Comment\",\"target\":[\"https:\\\/\\\/vostel.de\\\/blog\\\/ehrenamt-mit-frauen\\\/#respond\"]}]},{\"@type\":\"WebPage\",\"@id\":\"https:\\\/\\\/vostel.de\\\/blog\\\/ehrenamt-mit-frauen\\\/\",\"url\":\"https:\\\/\\\/vostel.de\\\/blog\\\/ehrenamt-mit-frauen\\\/\",\"name\":\"Ehrenamt mit Frauen: Das erwartet dich | vostel.de\",\"isPartOf\":{\"@id\":\"https:\\\/\\\/vostel.de\\\/blog\\\/#website\"},\"primaryImageOfPage\":{\"@id\":\"https:\\\/\\\/vostel.de\\\/blog\\\/ehrenamt-mit-frauen\\\/#primaryimage\"},\"image\":{\"@id\":\"https:\\\/\\\/vostel.de\\\/blog\\\/ehrenamt-mit-frauen\\\/#primaryimage\"},\"thumbnailUrl\":\"https:\\\/\\\/vostel.de\\\/blog\\\/wp-content\\\/uploads\\\/2026\\\/03\\\/Ehrenamt-Frauen_2.png\",\"datePublished\":\"2026-03-11T11:19:59+00:00\",\"dateModified\":\"2026-03-11T15:43:42+00:00\",\"description\":\"Ehrenamt mit Frauen: Gewalt, Ungleichheit und mangelnde Teilhabe betreffen Millionen. Erfahre, wie du dich jetzt f\u00fcr sie engagieren kannst \u25bb\",\"breadcrumb\":{\"@id\":\"https:\\\/\\\/vostel.de\\\/blog\\\/ehrenamt-mit-frauen\\\/#breadcrumb\"},\"inLanguage\":\"de\",\"potentialAction\":[{\"@type\":\"ReadAction\",\"target\":[\"https:\\\/\\\/vostel.de\\\/blog\\\/ehrenamt-mit-frauen\\\/\"]}]},{\"@type\":\"ImageObject\",\"inLanguage\":\"de\",\"@id\":\"https:\\\/\\\/vostel.de\\\/blog\\\/ehrenamt-mit-frauen\\\/#primaryimage\",\"url\":\"https:\\\/\\\/vostel.de\\\/blog\\\/wp-content\\\/uploads\\\/2026\\\/03\\\/Ehrenamt-Frauen_2.png\",\"contentUrl\":\"https:\\\/\\\/vostel.de\\\/blog\\\/wp-content\\\/uploads\\\/2026\\\/03\\\/Ehrenamt-Frauen_2.png\",\"width\":1024,\"height\":512,\"caption\":\"Ehrenamt mit Frauen: 3 Frauen sitzen in einem Zimmer, vermutlich ein Lernkurs.\"},{\"@type\":\"BreadcrumbList\",\"@id\":\"https:\\\/\\\/vostel.de\\\/blog\\\/ehrenamt-mit-frauen\\\/#breadcrumb\",\"itemListElement\":[{\"@type\":\"ListItem\",\"position\":1,\"name\":\"Startseite\",\"item\":\"https:\\\/\\\/vostel.de\\\/blog\\\/\"},{\"@type\":\"ListItem\",\"position\":2,\"name\":\"Ehrenamt mit Frauen: Das erwartet dich\"}]},{\"@type\":\"WebSite\",\"@id\":\"https:\\\/\\\/vostel.de\\\/blog\\\/#website\",\"url\":\"https:\\\/\\\/vostel.de\\\/blog\\\/\",\"name\":\"vostel.de Blog\",\"description\":\"Inspirationen f\u00fcr eine bessere und nachhaltigere Zukunft\",\"publisher\":{\"@id\":\"https:\\\/\\\/vostel.de\\\/blog\\\/#organization\"},\"potentialAction\":[{\"@type\":\"SearchAction\",\"target\":{\"@type\":\"EntryPoint\",\"urlTemplate\":\"https:\\\/\\\/vostel.de\\\/blog\\\/?s={search_term_string}\"},\"query-input\":{\"@type\":\"PropertyValueSpecification\",\"valueRequired\":true,\"valueName\":\"search_term_string\"}}],\"inLanguage\":\"de\"},{\"@type\":\"Organization\",\"@id\":\"https:\\\/\\\/vostel.de\\\/blog\\\/#organization\",\"name\":\"vostel.de Blog\",\"url\":\"https:\\\/\\\/vostel.de\\\/blog\\\/\",\"logo\":{\"@type\":\"ImageObject\",\"inLanguage\":\"de\",\"@id\":\"https:\\\/\\\/vostel.de\\\/blog\\\/#\\\/schema\\\/logo\\\/image\\\/\",\"url\":\"https:\\\/\\\/vostel.de\\\/blog\\\/wp-content\\\/uploads\\\/2024\\\/03\\\/logo-de-rot-large.png\",\"contentUrl\":\"https:\\\/\\\/vostel.de\\\/blog\\\/wp-content\\\/uploads\\\/2024\\\/03\\\/logo-de-rot-large.png\",\"width\":1801,\"height\":589,\"caption\":\"vostel.de Blog\"},\"image\":{\"@id\":\"https:\\\/\\\/vostel.de\\\/blog\\\/#\\\/schema\\\/logo\\\/image\\\/\"}},{\"@type\":\"Person\",\"@id\":\"https:\\\/\\\/vostel.de\\\/blog\\\/#\\\/schema\\\/person\\\/bfe950082995f72d898c7551f85f0621\",\"name\":\"Miriam\",\"url\":\"https:\\\/\\\/vostel.de\\\/blog\\\/author\\\/miriam\\\/\"}]}<\/script>\n<!-- \/ Yoast SEO Premium plugin. -->","yoast_head_json":{"title":"Ehrenamt mit Frauen: Das erwartet dich | vostel.de","description":"Ehrenamt mit Frauen: Gewalt, Ungleichheit und mangelnde Teilhabe betreffen Millionen. Erfahre, wie du dich jetzt f\u00fcr sie engagieren kannst \u25bb","robots":{"index":"index","follow":"follow","max-snippet":"max-snippet:-1","max-image-preview":"max-image-preview:large","max-video-preview":"max-video-preview:-1"},"canonical":"https:\/\/vostel.de\/blog\/ehrenamt-mit-frauen\/","og_locale":"de_DE","og_type":"article","og_title":"Ehrenamt mit Frauen: Das erwartet dich","og_description":"Ehrenamt mit Frauen: Gewalt, Ungleichheit und mangelnde Teilhabe betreffen Millionen. Erfahre, wie du dich jetzt f\u00fcr sie engagieren kannst \u25bb","og_url":"https:\/\/vostel.de\/blog\/ehrenamt-mit-frauen\/","og_site_name":"vostel.de Blog","article_published_time":"2026-03-11T11:19:59+00:00","article_modified_time":"2026-03-11T15:43:42+00:00","og_image":[{"width":1024,"height":512,"url":"https:\/\/vostel.de\/blog\/wp-content\/uploads\/2026\/03\/Ehrenamt-Frauen_2.png","type":"image\/png"}],"author":"Miriam","twitter_card":"summary_large_image","twitter_misc":{"Verfasst von":"Miriam","Gesch\u00e4tzte Lesezeit":"11\u00a0Minuten"},"schema":{"@context":"https:\/\/schema.org","@graph":[{"@type":"Article","@id":"https:\/\/vostel.de\/blog\/ehrenamt-mit-frauen\/#article","isPartOf":{"@id":"https:\/\/vostel.de\/blog\/ehrenamt-mit-frauen\/"},"author":{"name":"Miriam","@id":"https:\/\/vostel.de\/blog\/#\/schema\/person\/bfe950082995f72d898c7551f85f0621"},"headline":"Ehrenamt mit Frauen: Das erwartet dich","datePublished":"2026-03-11T11:19:59+00:00","dateModified":"2026-03-11T15:43:42+00:00","mainEntityOfPage":{"@id":"https:\/\/vostel.de\/blog\/ehrenamt-mit-frauen\/"},"wordCount":1701,"commentCount":0,"publisher":{"@id":"https:\/\/vostel.de\/blog\/#organization"},"image":{"@id":"https:\/\/vostel.de\/blog\/ehrenamt-mit-frauen\/#primaryimage"},"thumbnailUrl":"https:\/\/vostel.de\/blog\/wp-content\/uploads\/2026\/03\/Ehrenamt-Frauen_2.png","keywords":["#EhrenamtErkl\u00e4rt","Ehrenamt","Frauen"],"articleSection":["Engagementm\u00f6glichkeiten","Tipps &amp; Inspiration","Zahlen &amp; Fakten"],"inLanguage":"de","potentialAction":[{"@type":"CommentAction","name":"Comment","target":["https:\/\/vostel.de\/blog\/ehrenamt-mit-frauen\/#respond"]}]},{"@type":"WebPage","@id":"https:\/\/vostel.de\/blog\/ehrenamt-mit-frauen\/","url":"https:\/\/vostel.de\/blog\/ehrenamt-mit-frauen\/","name":"Ehrenamt mit Frauen: Das erwartet dich | vostel.de","isPartOf":{"@id":"https:\/\/vostel.de\/blog\/#website"},"primaryImageOfPage":{"@id":"https:\/\/vostel.de\/blog\/ehrenamt-mit-frauen\/#primaryimage"},"image":{"@id":"https:\/\/vostel.de\/blog\/ehrenamt-mit-frauen\/#primaryimage"},"thumbnailUrl":"https:\/\/vostel.de\/blog\/wp-content\/uploads\/2026\/03\/Ehrenamt-Frauen_2.png","datePublished":"2026-03-11T11:19:59+00:00","dateModified":"2026-03-11T15:43:42+00:00","description":"Ehrenamt mit Frauen: Gewalt, Ungleichheit und mangelnde Teilhabe betreffen Millionen. Erfahre, wie du dich jetzt f\u00fcr sie engagieren kannst \u25bb","breadcrumb":{"@id":"https:\/\/vostel.de\/blog\/ehrenamt-mit-frauen\/#breadcrumb"},"inLanguage":"de","potentialAction":[{"@type":"ReadAction","target":["https:\/\/vostel.de\/blog\/ehrenamt-mit-frauen\/"]}]},{"@type":"ImageObject","inLanguage":"de","@id":"https:\/\/vostel.de\/blog\/ehrenamt-mit-frauen\/#primaryimage","url":"https:\/\/vostel.de\/blog\/wp-content\/uploads\/2026\/03\/Ehrenamt-Frauen_2.png","contentUrl":"https:\/\/vostel.de\/blog\/wp-content\/uploads\/2026\/03\/Ehrenamt-Frauen_2.png","width":1024,"height":512,"caption":"Ehrenamt mit Frauen: 3 Frauen sitzen in einem Zimmer, vermutlich ein Lernkurs."},{"@type":"BreadcrumbList","@id":"https:\/\/vostel.de\/blog\/ehrenamt-mit-frauen\/#breadcrumb","itemListElement":[{"@type":"ListItem","position":1,"name":"Startseite","item":"https:\/\/vostel.de\/blog\/"},{"@type":"ListItem","position":2,"name":"Ehrenamt mit Frauen: Das erwartet dich"}]},{"@type":"WebSite","@id":"https:\/\/vostel.de\/blog\/#website","url":"https:\/\/vostel.de\/blog\/","name":"vostel.de Blog","description":"Inspirationen f\u00fcr eine bessere und nachhaltigere Zukunft","publisher":{"@id":"https:\/\/vostel.de\/blog\/#organization"},"potentialAction":[{"@type":"SearchAction","target":{"@type":"EntryPoint","urlTemplate":"https:\/\/vostel.de\/blog\/?s={search_term_string}"},"query-input":{"@type":"PropertyValueSpecification","valueRequired":true,"valueName":"search_term_string"}}],"inLanguage":"de"},{"@type":"Organization","@id":"https:\/\/vostel.de\/blog\/#organization","name":"vostel.de Blog","url":"https:\/\/vostel.de\/blog\/","logo":{"@type":"ImageObject","inLanguage":"de","@id":"https:\/\/vostel.de\/blog\/#\/schema\/logo\/image\/","url":"https:\/\/vostel.de\/blog\/wp-content\/uploads\/2024\/03\/logo-de-rot-large.png","contentUrl":"https:\/\/vostel.de\/blog\/wp-content\/uploads\/2024\/03\/logo-de-rot-large.png","width":1801,"height":589,"caption":"vostel.de Blog"},"image":{"@id":"https:\/\/vostel.de\/blog\/#\/schema\/logo\/image\/"}},{"@type":"Person","@id":"https:\/\/vostel.de\/blog\/#\/schema\/person\/bfe950082995f72d898c7551f85f0621","name":"Miriam","url":"https:\/\/vostel.de\/blog\/author\/miriam\/"}]}},"author_meta":{"display_name":"Miriam","author_link":"https:\/\/vostel.de\/blog\/author\/miriam\/"},"featured_img":"https:\/\/vostel.de\/blog\/wp-content\/uploads\/2026\/03\/Ehrenamt-Frauen_2-300x150.png","coauthors":[],"tax_additional":{"categories":{"linked":["<a href=\"https:\/\/vostel.de\/blog\/category\/engagementmoeglichkeiten\/\" class=\"advgb-post-tax-term\">Engagementm\u00f6glichkeiten<\/a>","<a href=\"https:\/\/vostel.de\/blog\/category\/tipps-inspiration\/\" class=\"advgb-post-tax-term\">Tipps &amp; Inspiration<\/a>","<a href=\"https:\/\/vostel.de\/blog\/category\/zahlen-und-fakten\/\" class=\"advgb-post-tax-term\">Zahlen &amp; Fakten<\/a>"],"unlinked":["<span class=\"advgb-post-tax-term\">Engagementm\u00f6glichkeiten<\/span>","<span class=\"advgb-post-tax-term\">Tipps &amp; Inspiration<\/span>","<span class=\"advgb-post-tax-term\">Zahlen &amp; Fakten<\/span>"]},"tags":{"linked":["<a href=\"https:\/\/vostel.de\/blog\/category\/zahlen-und-fakten\/\" class=\"advgb-post-tax-term\">#EhrenamtErkl\u00e4rt<\/a>","<a href=\"https:\/\/vostel.de\/blog\/category\/zahlen-und-fakten\/\" class=\"advgb-post-tax-term\">Ehrenamt<\/a>","<a href=\"https:\/\/vostel.de\/blog\/category\/zahlen-und-fakten\/\" class=\"advgb-post-tax-term\">Frauen<\/a>"],"unlinked":["<span class=\"advgb-post-tax-term\">#EhrenamtErkl\u00e4rt<\/span>","<span class=\"advgb-post-tax-term\">Ehrenamt<\/span>","<span class=\"advgb-post-tax-term\">Frauen<\/span>"]}},"comment_count":"0","relative_dates":{"created":"Ver\u00f6ffentlicht 2\u00a0Monaten vor","modified":"Aktualisiert 2\u00a0Monaten vor"},"absolute_dates":{"created":"Ver\u00f6ffentlicht am 11. M\u00e4rz 2026","modified":"Aktualisiert am 11. M\u00e4rz 2026"},"absolute_dates_time":{"created":"Ver\u00f6ffentlicht am 11. M\u00e4rz 2026 12:19","modified":"Aktualisiert am 11. M\u00e4rz 2026 16:43"},"featured_img_caption":"","series_order":"","_links":{"self":[{"href":"https:\/\/vostel.de\/blog\/wp-json\/wp\/v2\/posts\/17235","targetHints":{"allow":["GET"]}}],"collection":[{"href":"https:\/\/vostel.de\/blog\/wp-json\/wp\/v2\/posts"}],"about":[{"href":"https:\/\/vostel.de\/blog\/wp-json\/wp\/v2\/types\/post"}],"author":[{"embeddable":true,"href":"https:\/\/vostel.de\/blog\/wp-json\/wp\/v2\/users\/47"}],"replies":[{"embeddable":true,"href":"https:\/\/vostel.de\/blog\/wp-json\/wp\/v2\/comments?post=17235"}],"version-history":[{"count":12,"href":"https:\/\/vostel.de\/blog\/wp-json\/wp\/v2\/posts\/17235\/revisions"}],"predecessor-version":[{"id":17351,"href":"https:\/\/vostel.de\/blog\/wp-json\/wp\/v2\/posts\/17235\/revisions\/17351"}],"wp:featuredmedia":[{"embeddable":true,"href":"https:\/\/vostel.de\/blog\/wp-json\/wp\/v2\/media\/17257"}],"wp:attachment":[{"href":"https:\/\/vostel.de\/blog\/wp-json\/wp\/v2\/media?parent=17235"}],"wp:term":[{"taxonomy":"category","embeddable":true,"href":"https:\/\/vostel.de\/blog\/wp-json\/wp\/v2\/categories?post=17235"},{"taxonomy":"post_tag","embeddable":true,"href":"https:\/\/vostel.de\/blog\/wp-json\/wp\/v2\/tags?post=17235"}],"curies":[{"name":"wp","href":"https:\/\/api.w.org\/{rel}","templated":true}]}}