{"id":17478,"date":"2026-04-29T14:49:23","date_gmt":"2026-04-29T12:49:23","guid":{"rendered":"https:\/\/vostel.de\/blog\/?p=17478"},"modified":"2026-04-29T15:03:41","modified_gmt":"2026-04-29T13:03:41","slug":"ehrenamtlich-aufs-festival-2026","status":"publish","type":"post","link":"https:\/\/vostel.de\/blog\/ehrenamtlich-aufs-festival-2026\/","title":{"rendered":"Ehrenamtlich aufs Festival 2026: Mithelfen &amp; kostenlos dabei sein"},"content":{"rendered":"\n<p>Der Festival-Sommer 2026 steht vor der T\u00fcr und in ganz Deutschland entstehen auch dieses Jahr wieder kreative Freir\u00e4ume f\u00fcr Musik, Kunst und Kultur. Viele der gro\u00dfen und kleinen Veranstaltungen sind kostenlos und werden mit der Unterst\u00fctzung von ehrenamtlichen Helfer*innen gestemmt. Aber auch kostenpflichtige Veranstaltungen und Festivals sind auf Freiwillige angewiesen und erm\u00f6glichen im Gegenzug freien Eintritt und einen einmaligen Blick hinter die Kulissen.<\/p>\n\n\n\n<p>Du hast Lust, diesen Sommer nicht nur Besucher*in, sondern aktiv hinter den Kulissen dabei zu sein? Dann zeigen wir dir hier, welche Festivals und Veranstaltungen du in diesem Sommer ehrenamtlich unterst\u00fctzen und so kostenlos dabei sein kannst.<\/p>\n\n\n\n<p>Wir werden diesen Beitrag den ganzen Sommer \u00fcber aktualisieren. Es lohnt sich, immer wieder vorbeizuschauen!<\/p>\n\n\n\n<ol start=\"1\" class=\"wp-block-list has-small-font-size advgb-dyn-20722ef2\">\n<ol start=\"1\" class=\"wp-block-list has-small-font-size advgb-dyn-fa5093fa\">\n<li><a href=\"#berlin\"><strong>Ehrenamtlich &amp; kostenlos aufs Festival in Berlin<\/strong><\/a><\/li>\n\n\n\n<li><a href=\"#bw\" type=\"internal\" id=\"#bw\"><strong>Ehrenamtlich &amp; kostenlos aufs Festival in Baden-W\u00fcrttemberg<\/strong><\/a><\/li>\n\n\n\n<li><strong><a href=\"#hessen\" type=\"internal\" id=\"#hessen\"><strong>Ehrenamtlich &amp; kostenlos aufs Festival<\/strong> in Hessen<\/a><\/strong><\/li>\n\n\n\n<li><a href=\"#bayern\" type=\"internal\" id=\"#bayern\"><strong>Ehrenamtlich &amp; kostenlos aufs Festival in Bayern<\/strong><\/a><\/li>\n\n\n\n<li><strong><a href=\"#nachhaltig\">Festivals &amp; Nachhaltigkeit?<\/a><\/strong><\/li>\n<\/ol>\n<\/ol>\n\n\n\n<h2 class=\"wp-block-heading has-text-align-left has-accent-color has-text-color\" id=\"berlin\">Ehrenamtlich &amp; kostenlos aufs Festival 2026 in Berlin<\/h2>\n\n\n\n<h4 class=\"wp-block-heading\">Karneval der Kulturen \u2013 Berlin (24.05.2026) | Berlin<\/h4>\n\n\n\n<figure class=\"wp-block-image size-large\"><img loading=\"lazy\" decoding=\"async\" width=\"1024\" height=\"341\" src=\"https:\/\/vostel.de\/blog\/wp-content\/uploads\/2026\/04\/BLOG-Zwischenbilder-2026-23-1024x341.png\" alt=\"\" class=\"wp-image-17524\" srcset=\"https:\/\/vostel.de\/blog\/wp-content\/uploads\/2026\/04\/BLOG-Zwischenbilder-2026-23-1024x341.png 1024w, https:\/\/vostel.de\/blog\/wp-content\/uploads\/2026\/04\/BLOG-Zwischenbilder-2026-23-300x100.png 300w, https:\/\/vostel.de\/blog\/wp-content\/uploads\/2026\/04\/BLOG-Zwischenbilder-2026-23-768x256.png 768w, https:\/\/vostel.de\/blog\/wp-content\/uploads\/2026\/04\/BLOG-Zwischenbilder-2026-23.png 1200w\" sizes=\"auto, (max-width: 1024px) 100vw, 1024px\" \/><\/figure>\n\n\n\n<h5 class=\"wp-block-heading\" id=\"h-uber-das-festival\">\u00dcber das Festival<\/h5>\n\n\n\n<p>Jedes Jahr am Pfingstsonntag verwandelt sich die Frankfurter Allee in Berlin zu einer der buntesten B\u00fchnen der Stadt. Der Karneval der Kulturen bringt K\u00fcnstler*innen, Gruppen und Akteur*innen aus aller Welt zusammen und macht Berlins Vielfalt mit einem gro\u00dfen Stra\u00dfenumzug sichtbar und h\u00f6rbar. 2026 findet der Umzug am 24. Mai entlang der Frankfurter Allee\/Karl-Marx-Allee statt.<\/p>\n\n\n\n<div class=\"wp-block-advgb-accordions advgb-accordions-c57958f6-00ac-4e6c-a4a5-7a69b8f50a8b advgb-accordion-wrapper\" data-collapsed=\"true\">\n<div class=\"wp-block-advgb-accordion-item advgb-accordion-item\" style=\"margin-bottom:15px\"><div class=\"advgb-accordion-header\" style=\"background-color:#f1f3f6;color:#283d71;border-style:solid;border-width:0px;border-radius:15px\"><span class=\"advgb-accordion-header-icon accordion-state\"><svg class=\"advgb-icon-closed\" fill=\"#283d71\" xmlns=\"http:\/\/www.w3.org\/2000\/svg\" width=\"24\" height=\"24\" viewBox=\"0 0 24 24\"><path fill=\"none\" d=\"M0,0h24v24H0V0z\"><\/path><path d=\"M19,13h-6v6h-2v-6H5v-2h6V5h2v6h6V13z\"><\/path><\/svg><svg class=\"advgb-icon-opened\" fill=\"#283d71\" xmlns=\"http:\/\/www.w3.org\/2000\/svg\" width=\"24\" height=\"24\" viewBox=\"0 0 24 24\"><path fill=\"none\" d=\"M0,0h24v24H0V0z\"><\/path><path d=\"M19,13H5v-2h14V13z\"><\/path><\/svg><\/span><h4 class=\"advgb-accordion-header-title\" style=\"color:inherit\">So kannst du dabei sein:<\/h4><\/div><div class=\"advgb-accordion-body\" style=\"border-style:solid !important;border-width:0px !important;border-color:undefined !important;border-top:none !important;border-radius:15px !important\">\n<p>Gesucht werden Safety Heroes, die direkt an der Umzugsstrecke im Einsatz sind. Deine Aufgabe: den begr\u00fcnten Mittelstreifen sch\u00fctzen, Besucher*innen freundlich auf den Naturschutz hinweisen und dabei Teil eines engagierten Teams sein. Ein Briefing findet am 18. Mai statt. Der Einsatz ist einmalig am 24. Mai 2026, mit verschiedenen Zeitfenstern zwischen 12:30 und 22:00 Uhr.<\/p>\n\n\n\n<div class=\"wp-block-group is-content-justification-center is-layout-flex wp-container-core-group-is-layout-16018d1d wp-block-group-is-layout-flex\">\n<div class=\"wp-block-button\"><a class=\"wp-block-button__link has-white-color has-accent-background-color has-text-color has-background wp-element-button\" href=\"https:\/\/vostel.de\/de\/volunteering\/projects\/13133_Karneval-der-Kulturen_Werde-Safety-Hero-beim-Karneval-der-Kulturen-UMZUG-2026_Berlin\" style=\"border-radius:20px\" target=\"_blank\" rel=\"noreferrer noopener\">Als Unterst\u00fctzer*in anmelden<\/a><\/div>\n<\/div>\n<\/div><\/div>\n<\/div>\n\n\n\n<h4 class=\"wp-block-heading\" id=\"h-berliner-csd-2026-24-25-07-2026-berlin\">Berliner CSD 2026 (24. \u2013 25.07.2026) | Berlin<\/h4>\n\n\n\n<figure class=\"wp-block-image size-large\"><img loading=\"lazy\" decoding=\"async\" width=\"1024\" height=\"341\" src=\"https:\/\/vostel.de\/blog\/wp-content\/uploads\/2026\/04\/BLOG-Zwischenbilder-2026-24-1024x341.png\" alt=\"\" class=\"wp-image-17525\" srcset=\"https:\/\/vostel.de\/blog\/wp-content\/uploads\/2026\/04\/BLOG-Zwischenbilder-2026-24-1024x341.png 1024w, https:\/\/vostel.de\/blog\/wp-content\/uploads\/2026\/04\/BLOG-Zwischenbilder-2026-24-300x100.png 300w, https:\/\/vostel.de\/blog\/wp-content\/uploads\/2026\/04\/BLOG-Zwischenbilder-2026-24-768x256.png 768w, https:\/\/vostel.de\/blog\/wp-content\/uploads\/2026\/04\/BLOG-Zwischenbilder-2026-24.png 1200w\" sizes=\"auto, (max-width: 1024px) 100vw, 1024px\" \/><\/figure>\n\n\n\n<h5 class=\"wp-block-heading\" id=\"h-uber-das-festival-0\">\u00dcber das Festival<\/h5>\n\n\n\n<p>Der Berliner Christopher Street Day ist eine der gr\u00f6\u00dften Demonstrationen f\u00fcr die Rechte und Sichtbarkeit von LGBTQIA+ Menschen in Deutschland. Organisiert vom Berliner CSD e.V., der sich ganzj\u00e4hrig f\u00fcr Vielfalt, Demokratie und gesellschaftliche Teilhabe einsetzt, bringt der CSD jedes Jahr Hunderttausende Menschen auf die Stra\u00dfe, um gemeinsam Haltung zu zeigen und Solidarit\u00e4t zu leben.<\/p>\n\n\n\n<div class=\"wp-block-advgb-accordions advgb-accordions-fa4c93e3-82fe-4dee-aa38-cb4249a80722 advgb-accordion-wrapper\" data-collapsed=\"true\">\n<div class=\"wp-block-advgb-accordion-item advgb-accordion-item\" style=\"margin-bottom:15px\"><div class=\"advgb-accordion-header\" style=\"background-color:#f1f3f6;color:#283d71;border-style:solid;border-width:0px;border-radius:15px\"><span class=\"advgb-accordion-header-icon accordion-state\"><svg class=\"advgb-icon-closed\" fill=\"#283d71\" xmlns=\"http:\/\/www.w3.org\/2000\/svg\" width=\"24\" height=\"24\" viewBox=\"0 0 24 24\"><path fill=\"none\" d=\"M0,0h24v24H0V0z\"><\/path><path d=\"M19,13h-6v6h-2v-6H5v-2h6V5h2v6h6V13z\"><\/path><\/svg><svg class=\"advgb-icon-opened\" fill=\"#283d71\" xmlns=\"http:\/\/www.w3.org\/2000\/svg\" width=\"24\" height=\"24\" viewBox=\"0 0 24 24\"><path fill=\"none\" d=\"M0,0h24v24H0V0z\"><\/path><path d=\"M19,13H5v-2h14V13z\"><\/path><\/svg><\/span><h4 class=\"advgb-accordion-header-title\" style=\"color:inherit\">So kannst du dabei sein:<\/h4><\/div><div class=\"advgb-accordion-body\" style=\"border-style:solid !important;border-width:0px !important;border-color:undefined !important;border-top:none !important;border-radius:15px !important\">\n<p>F\u00fcr den 24. und 25. Juli 2026 werden Volunteers gesucht, die in verschiedenen Bereichen unterst\u00fctzen: beim Auf- und Abbau, im Bereich Inklusion oder direkt bei der Demonstration. Als Volunteer bist du mittendrin und kannst hinter die Kulissen blicken, Community erleben und aktiv mitgestalten.<\/p>\n\n\n\n<div class=\"wp-block-group is-content-justification-center is-layout-flex wp-container-core-group-is-layout-16018d1d wp-block-group-is-layout-flex\">\n<div class=\"wp-block-button\"><a class=\"wp-block-button__link has-white-color has-accent-background-color has-text-color has-background wp-element-button\" href=\"https:\/\/vostel.de\/de\/volunteering\/projects\/13363_Berliner-CSD-e-V_Werde-Volunteer-fuer-den-CSD-2026_Berlin\" style=\"border-radius:20px\" target=\"_blank\" rel=\"noreferrer noopener\">Als Unterst\u00fctzer*in anmelden<\/a><\/div>\n<\/div>\n<\/div><\/div>\n<\/div>\n\n\n\n<h4 class=\"wp-block-heading\" id=\"h-friedvolle-walpurgisnacht-im-mauerpark-30-04-2026-berlin\">Friedvolle Walpurgisnacht im Mauerpark (30.04.2026) | Berlin<\/h4>\n\n\n\n<figure class=\"wp-block-image size-large\"><img loading=\"lazy\" decoding=\"async\" width=\"1024\" height=\"341\" src=\"https:\/\/vostel.de\/blog\/wp-content\/uploads\/2026\/04\/BLOG-Zwischenbilder-2026-25-1024x341.png\" alt=\"\" class=\"wp-image-17526\" srcset=\"https:\/\/vostel.de\/blog\/wp-content\/uploads\/2026\/04\/BLOG-Zwischenbilder-2026-25-1024x341.png 1024w, https:\/\/vostel.de\/blog\/wp-content\/uploads\/2026\/04\/BLOG-Zwischenbilder-2026-25-300x100.png 300w, https:\/\/vostel.de\/blog\/wp-content\/uploads\/2026\/04\/BLOG-Zwischenbilder-2026-25-768x256.png 768w, https:\/\/vostel.de\/blog\/wp-content\/uploads\/2026\/04\/BLOG-Zwischenbilder-2026-25.png 1200w\" sizes=\"auto, (max-width: 1024px) 100vw, 1024px\" \/><\/figure>\n\n\n\n<h5 class=\"wp-block-heading\" id=\"h-uber-das-festival-1\">\u00dcber das Festival<\/h5>\n\n\n\n<p>Seit 20 Jahren feiern die Freunde des Mauerparks e.V. gemeinsam mit Anwohner<em>innen, Besucher<\/em>innen und Kreativen eine friedliche Walpurgisnacht im Mauerpark. Mit Lagerfeuer, Feuerartistik, Musik, Seifenblasen und einem Tanz in den Mai l\u00e4utet das Fest den Sommer ein \u2013 f\u00fcr Familien, Kinder und alle, die den Fr\u00fchling gemeinsam begr\u00fc\u00dfen m\u00f6chten.<\/p>\n\n\n\n<div class=\"wp-block-advgb-accordions advgb-accordions-768af21a-c898-42f3-a32a-e298dbef5f88 advgb-accordion-wrapper\" data-collapsed=\"true\">\n<div class=\"wp-block-advgb-accordion-item advgb-accordion-item\" style=\"margin-bottom:15px\"><div class=\"advgb-accordion-header\" style=\"background-color:#f1f3f6;color:#283d71;border-style:solid;border-width:0px;border-radius:15px\"><span class=\"advgb-accordion-header-icon accordion-state\"><svg class=\"advgb-icon-closed\" fill=\"#283d71\" xmlns=\"http:\/\/www.w3.org\/2000\/svg\" width=\"24\" height=\"24\" viewBox=\"0 0 24 24\"><path fill=\"none\" d=\"M0,0h24v24H0V0z\"><\/path><path d=\"M19,13h-6v6h-2v-6H5v-2h6V5h2v6h6V13z\"><\/path><\/svg><svg class=\"advgb-icon-opened\" fill=\"#283d71\" xmlns=\"http:\/\/www.w3.org\/2000\/svg\" width=\"24\" height=\"24\" viewBox=\"0 0 24 24\"><path fill=\"none\" d=\"M0,0h24v24H0V0z\"><\/path><path d=\"M19,13H5v-2h14V13z\"><\/path><\/svg><\/span><h4 class=\"advgb-accordion-header-title\" style=\"color:inherit\">So kannst du dabei sein:<\/h4><\/div><div class=\"advgb-accordion-body\" style=\"border-style:solid !important;border-width:0px !important;border-color:undefined !important;border-top:none !important;border-radius:15px !important\">\n<p>Am 30. April 2026 von 16 bis 01 Uhr werden Volunteers gesucht, die beim Auf- und Abbau helfen, K\u00fcnstler*innen und Vereine unterst\u00fctzen und als Ordner*innen daf\u00fcr sorgen, dass alle entspannt feiern k\u00f6nnen. Deutschkenntnisse sind nicht erforderlich. Bitte denke an warme, wetterfeste Kleidung.<\/p>\n\n\n\n<div class=\"wp-block-group is-content-justification-center is-layout-flex wp-container-core-group-is-layout-16018d1d wp-block-group-is-layout-flex\">\n<div class=\"wp-block-button\"><a class=\"wp-block-button__link has-white-color has-accent-background-color has-text-color has-background wp-element-button\" href=\"https:\/\/vostel.de\/de\/volunteering\/projects\/11230_Freunde-des-Mauerparks-e-V_Friedvolle-Walpurgisnacht-im-Mauerpark_Berlin\" style=\"border-radius:20px\" target=\"_blank\" rel=\"noreferrer noopener\">Als Unterst\u00fctzer*in anmelden<\/a><\/div>\n<\/div>\n<\/div><\/div>\n<\/div>\n\n\n\n<h4 class=\"wp-block-heading\" id=\"h-zug-der-liebe-27-08-2026-berlin\">Zug der Liebe (27.08.2026) | Berlin<\/h4>\n\n\n\n<figure class=\"wp-block-image size-large\"><img loading=\"lazy\" decoding=\"async\" width=\"1024\" height=\"341\" src=\"https:\/\/vostel.de\/blog\/wp-content\/uploads\/2026\/04\/BLOG-Zwischenbilder-2026-26-1024x341.png\" alt=\"\" class=\"wp-image-17527\" srcset=\"https:\/\/vostel.de\/blog\/wp-content\/uploads\/2026\/04\/BLOG-Zwischenbilder-2026-26-1024x341.png 1024w, https:\/\/vostel.de\/blog\/wp-content\/uploads\/2026\/04\/BLOG-Zwischenbilder-2026-26-300x100.png 300w, https:\/\/vostel.de\/blog\/wp-content\/uploads\/2026\/04\/BLOG-Zwischenbilder-2026-26-768x256.png 768w, https:\/\/vostel.de\/blog\/wp-content\/uploads\/2026\/04\/BLOG-Zwischenbilder-2026-26.png 1200w\" sizes=\"auto, (max-width: 1024px) 100vw, 1024px\" \/><\/figure>\n\n\n\n<h5 class=\"wp-block-heading\" id=\"h-uber-das-festival-2\">\u00dcber das Festival<\/h5>\n\n\n\n<p>Der Zug der Liebe startete 2015 als Initiative aus Musikbegeisterten, Medienschaffenden und Kreativen und organisiert seitdem einmal im Jahr eine gro\u00dfe Demonstration in Berlin, die b\u00fcrgerschaftliches Engagement sichtbar macht und Menschen zur Solidarit\u00e4t einl\u00e4dt. Neben der j\u00e4hrlichen Demo engagiert sich der Verein auch in der K\u00e4ltehilfe und unterst\u00fctzt andere zivilgesellschaftliche Projekte.<\/p>\n\n\n\n<div class=\"wp-block-advgb-accordions advgb-accordions-594838c1-93f4-4f8b-8a7b-6279ff6245cf advgb-accordion-wrapper\" data-collapsed=\"true\">\n<div class=\"wp-block-advgb-accordion-item advgb-accordion-item\" style=\"margin-bottom:15px\"><div class=\"advgb-accordion-header\" style=\"background-color:#f1f3f6;color:#283d71;border-style:solid;border-width:0px;border-radius:15px\"><span class=\"advgb-accordion-header-icon accordion-state\"><svg class=\"advgb-icon-closed\" fill=\"#283d71\" xmlns=\"http:\/\/www.w3.org\/2000\/svg\" width=\"24\" height=\"24\" viewBox=\"0 0 24 24\"><path fill=\"none\" d=\"M0,0h24v24H0V0z\"><\/path><path d=\"M19,13h-6v6h-2v-6H5v-2h6V5h2v6h6V13z\"><\/path><\/svg><svg class=\"advgb-icon-opened\" fill=\"#283d71\" xmlns=\"http:\/\/www.w3.org\/2000\/svg\" width=\"24\" height=\"24\" viewBox=\"0 0 24 24\"><path fill=\"none\" d=\"M0,0h24v24H0V0z\"><\/path><path d=\"M19,13H5v-2h14V13z\"><\/path><\/svg><\/span><h4 class=\"advgb-accordion-header-title\" style=\"color:inherit\">So kannst du dabei sein:<\/h4><\/div><div class=\"advgb-accordion-body\" style=\"border-style:solid !important;border-width:0px !important;border-color:undefined !important;border-top:none !important;border-radius:15px !important\">\n<p>Der Verein sucht Menschen, die sich regelm\u00e4\u00dfig und flexibel einbringen m\u00f6chten, zum Beispiel in der Social-Media-Betreuung (Instagram, Facebook), der allgemeinen Vereinsarbeit oder der Buchhaltung. Das Engagement findet ortsunabh\u00e4ngig und digital statt. Zeitaufwand und Einsatz werden individuell abgesprochen.<\/p>\n\n\n\n<div class=\"wp-block-group is-content-justification-center is-layout-flex wp-container-core-group-is-layout-16018d1d wp-block-group-is-layout-flex\">\n<div class=\"wp-block-button\"><a class=\"wp-block-button__link has-white-color has-accent-background-color has-text-color has-background wp-element-button\" href=\"https:\/\/vostel.de\/de\/volunteering\/projects\/5575_oskar-freiwilligenagentur-lichtenberg_Zug-der-Liebe-sucht-Dich-wirmachensichtbar-ID-106972\" style=\"border-radius:20px\" target=\"_blank\" rel=\"noreferrer noopener\">Als Unterst\u00fctzer*in anmelden<\/a><\/div>\n<\/div>\n<\/div><\/div>\n<\/div>\n\n\n\n<h2 class=\"wp-block-heading\" id=\"bw\">Ehrenamtlich &amp; kostenlos aufs Festival 2026 in Baden-W\u00fcrttemberg<\/h2>\n\n\n\n<h4 class=\"wp-block-heading\" id=\"h-csd-stuttgart-pride-23-27-07-2026-baden-wurttemberg\"><strong>CSD Stuttgart Pride (23. \u2013 27.07.2026) | Baden-W\u00fcrttemberg<\/strong><\/h4>\n\n\n\n<figure class=\"wp-block-image size-large\"><img loading=\"lazy\" decoding=\"async\" width=\"1024\" height=\"341\" src=\"https:\/\/vostel.de\/blog\/wp-content\/uploads\/2026\/04\/BLOG-Zwischenbilder-2026-27-1024x341.png\" alt=\"\" class=\"wp-image-17529\" srcset=\"https:\/\/vostel.de\/blog\/wp-content\/uploads\/2026\/04\/BLOG-Zwischenbilder-2026-27-1024x341.png 1024w, https:\/\/vostel.de\/blog\/wp-content\/uploads\/2026\/04\/BLOG-Zwischenbilder-2026-27-300x100.png 300w, https:\/\/vostel.de\/blog\/wp-content\/uploads\/2026\/04\/BLOG-Zwischenbilder-2026-27-768x256.png 768w, https:\/\/vostel.de\/blog\/wp-content\/uploads\/2026\/04\/BLOG-Zwischenbilder-2026-27.png 1200w\" sizes=\"auto, (max-width: 1024px) 100vw, 1024px\" \/><\/figure>\n\n\n\n<h5 class=\"wp-block-heading\" id=\"h-uber-das-festival-3\">\u00dcber das Festival<\/h5>\n\n\n\n<p>Die Stuttgart Pride ist eines der bedeutendsten queeren Ereignisse in Baden-W\u00fcrttemberg. Jedes Jahr erinnert die CSD-Demonstration durch die Stuttgarter Innenstadt an den Aufstand im Stonewall Inn in New York 1969 und setzt ein sichtbares Zeichen f\u00fcr queere Akzeptanz und Gleichberechtigung. Im Anschluss an die Demo findet die zweit\u00e4gige Hocketse statt, ein Stra\u00dfenfest mit Live-Bands, Kundgebung und Infomeile rund um die Belange der LGBTQIA+ Community.<\/p>\n\n\n\n<div class=\"wp-block-advgb-accordions advgb-accordions-fe6cd8b2-6027-4ad3-9732-75d52d30bebe advgb-accordion-wrapper\" data-collapsed=\"true\">\n<div class=\"wp-block-advgb-accordion-item advgb-accordion-item\" style=\"margin-bottom:15px\"><div class=\"advgb-accordion-header\" style=\"background-color:#f1f3f6;color:#283d71;border-style:solid;border-width:0px;border-radius:15px\"><span class=\"advgb-accordion-header-icon accordion-state\"><svg class=\"advgb-icon-closed\" fill=\"#283d71\" xmlns=\"http:\/\/www.w3.org\/2000\/svg\" width=\"24\" height=\"24\" viewBox=\"0 0 24 24\"><path fill=\"none\" d=\"M0,0h24v24H0V0z\"><\/path><path d=\"M19,13h-6v6h-2v-6H5v-2h6V5h2v6h6V13z\"><\/path><\/svg><svg class=\"advgb-icon-opened\" fill=\"#283d71\" xmlns=\"http:\/\/www.w3.org\/2000\/svg\" width=\"24\" height=\"24\" viewBox=\"0 0 24 24\"><path fill=\"none\" d=\"M0,0h24v24H0V0z\"><\/path><path d=\"M19,13H5v-2h14V13z\"><\/path><\/svg><\/span><h4 class=\"advgb-accordion-header-title\" style=\"color:inherit\">So kannst du dabei sein:<\/h4><\/div><div class=\"advgb-accordion-body\" style=\"border-style:solid !important;border-width:0px !important;border-color:undefined !important;border-top:none !important;border-radius:15px !important\">\n<p>Vom 23. bis 27. Juli 2026 werden Volunteers in vielen Bereichen gesucht: als Spendenengel, in der Logistik, beim Auf- und Abbau, am Getr\u00e4nkewagen oder als Ordner*in bei der Demo. Du entscheidest selbst, wann und wie lange du dabei bist, ob f\u00fcr wenige Stunden oder mehrere Tage. Als Dankesch\u00f6n gibt es ein Volunteer-T-Shirt, Verpflegung und Zugang zum Backstagebereich.<\/p>\n\n\n\n<div class=\"wp-block-group is-content-justification-center is-layout-flex wp-container-core-group-is-layout-16018d1d wp-block-group-is-layout-flex\">\n<div class=\"wp-block-button\"><a class=\"wp-block-button__link has-white-color has-accent-background-color has-text-color has-background wp-element-button\" href=\"https:\/\/vostel.de\/de\/volunteering\/projects\/13043_Interessengemeinschaft-IG-Christopher-Street-Day-CSD-Stuttgart-e-V_CSD-Hocketse-Stuttgart-Pride-Volunteers-zur-Durchfuehrung-der-Hocketse-Ende-Juli-gesucht_Stuttgart\" style=\"border-radius:20px\" target=\"_blank\" rel=\"noreferrer noopener\">Als Unterst\u00fctzer*in anmelden<\/a><\/div>\n<\/div>\n<\/div><\/div>\n<\/div>\n\n\n\n<h2 class=\"wp-block-heading\" id=\"hessen\">Ehrenamtlich &amp; kostenlos aufs Festival 2026 in Hessen<\/h2>\n\n\n\n<h4 class=\"wp-block-heading\" id=\"h-csd-frankfurt-16-19-07-2026-hessen\"><strong>CSD Frankfurt (16. \u2013 19.07.2026) | Hessen<\/strong><\/h4>\n\n\n\n<figure class=\"wp-block-image size-large\"><img loading=\"lazy\" decoding=\"async\" width=\"1024\" height=\"341\" src=\"https:\/\/vostel.de\/blog\/wp-content\/uploads\/2026\/04\/BLOG-Zwischenbilder-2026-28-1024x341.png\" alt=\"\" class=\"wp-image-17530\" srcset=\"https:\/\/vostel.de\/blog\/wp-content\/uploads\/2026\/04\/BLOG-Zwischenbilder-2026-28-1024x341.png 1024w, https:\/\/vostel.de\/blog\/wp-content\/uploads\/2026\/04\/BLOG-Zwischenbilder-2026-28-300x100.png 300w, https:\/\/vostel.de\/blog\/wp-content\/uploads\/2026\/04\/BLOG-Zwischenbilder-2026-28-768x256.png 768w, https:\/\/vostel.de\/blog\/wp-content\/uploads\/2026\/04\/BLOG-Zwischenbilder-2026-28.png 1200w\" sizes=\"auto, (max-width: 1024px) 100vw, 1024px\" \/><\/figure>\n\n\n\n<h5 class=\"wp-block-heading\" id=\"h-uber-das-festival-4\">\u00dcber das Festival<\/h5>\n\n\n\n<p>Der CSD Frankfurt ist die gemeinsame Demonstration von Lesben, Schwulen, Bisexuellen, Trans- und Intersexuellen sowie allen, die sie unterst\u00fctzen. Im Gedenken an die Ereignisse in der Christopher Street 1969 und mit Blick nach vorn setzt der CSD Frankfurt jedes Jahr ein starkes Zeichen f\u00fcr Gleichberechtigung, Akzeptanz und gesellschaftliche Anerkennung. Stra\u00dfenfest und Demonstration machen die Veranstaltung zu einem der bedeutendsten queeren Ereignisse in Hessen.<\/p>\n\n\n\n<div class=\"wp-block-advgb-accordions advgb-accordions-28294e6e-4244-4a40-a565-61abcb93e452 advgb-accordion-wrapper\" data-collapsed=\"true\">\n<div class=\"wp-block-advgb-accordion-item advgb-accordion-item\" style=\"margin-bottom:15px\"><div class=\"advgb-accordion-header\" style=\"background-color:#f1f3f6;color:#283d71;border-style:solid;border-width:0px;border-radius:15px\"><span class=\"advgb-accordion-header-icon accordion-state\"><svg class=\"advgb-icon-closed\" fill=\"#283d71\" xmlns=\"http:\/\/www.w3.org\/2000\/svg\" width=\"24\" height=\"24\" viewBox=\"0 0 24 24\"><path fill=\"none\" d=\"M0,0h24v24H0V0z\"><\/path><path d=\"M19,13h-6v6h-2v-6H5v-2h6V5h2v6h6V13z\"><\/path><\/svg><svg class=\"advgb-icon-opened\" fill=\"#283d71\" xmlns=\"http:\/\/www.w3.org\/2000\/svg\" width=\"24\" height=\"24\" viewBox=\"0 0 24 24\"><path fill=\"none\" d=\"M0,0h24v24H0V0z\"><\/path><path d=\"M19,13H5v-2h14V13z\"><\/path><\/svg><\/span><h4 class=\"advgb-accordion-header-title\" style=\"color:inherit\">So kannst du dabei sein:<\/h4><\/div><div class=\"advgb-accordion-body\" style=\"border-style:solid !important;border-width:0px !important;border-color:undefined !important;border-top:none !important;border-radius:15px !important\">\n<p>Gesucht werden Volunteers f\u00fcr viele Bereiche: als Demohelfer*in, beim Auf- und Abbau, im Backstagebereich, am Infostand, beim F\u00f6rderband-Verkauf oder im Awareness-Team. Dar\u00fcber hinaus wird das ganze Jahr \u00fcber Unterst\u00fctzung im Orgateam gesucht. Du kannst dir deine Zeit flexibel einteilen. Als Dankesch\u00f6n gibt es ein Helferinnen-T-Shirt, einen Goodie Bag sowie Verpflegung.<\/p>\n\n\n\n<div class=\"wp-block-group is-content-justification-center is-layout-flex wp-container-core-group-is-layout-16018d1d wp-block-group-is-layout-flex\">\n<div class=\"wp-block-button\"><a class=\"wp-block-button__link has-white-color has-accent-background-color has-text-color has-background wp-element-button\" href=\"https:\/\/vostel.de\/de\/volunteering\/projects\/13085_CSD-Frankfurt-e-V_Unterstuetze-den-CSD-Frankfurt-im-Juli-2026_Frankfurt-am-Main\" style=\"border-radius:20px\" target=\"_blank\" rel=\"noreferrer noopener\">Als Unterst\u00fctzer*in anmelden<\/a><\/div>\n<\/div>\n<\/div><\/div>\n<\/div>\n\n\n\n<h2 class=\"wp-block-heading\" id=\"bayern\">Ehrenamtlich &amp; kostenlos aufs Festival 2026 in Bayern<\/h2>\n\n\n\n<h4 class=\"wp-block-heading\" id=\"bayern\">Wallesau ist Blau (28. <strong>\u2013<\/strong> 29.08.2026) | Bayern<\/h4>\n\n\n\n<figure class=\"wp-block-image size-large\"><img loading=\"lazy\" decoding=\"async\" width=\"1024\" height=\"341\" src=\"https:\/\/vostel.de\/blog\/wp-content\/uploads\/2026\/04\/BLOG-Zwischenbilder-2026-30-1024x341.png\" alt=\"\" class=\"wp-image-17532\" srcset=\"https:\/\/vostel.de\/blog\/wp-content\/uploads\/2026\/04\/BLOG-Zwischenbilder-2026-30-1024x341.png 1024w, https:\/\/vostel.de\/blog\/wp-content\/uploads\/2026\/04\/BLOG-Zwischenbilder-2026-30-300x100.png 300w, https:\/\/vostel.de\/blog\/wp-content\/uploads\/2026\/04\/BLOG-Zwischenbilder-2026-30-768x256.png 768w, https:\/\/vostel.de\/blog\/wp-content\/uploads\/2026\/04\/BLOG-Zwischenbilder-2026-30.png 1200w\" sizes=\"auto, (max-width: 1024px) 100vw, 1024px\" \/><\/figure>\n\n\n\n<h5 class=\"wp-block-heading\" id=\"h-uber-das-festival-5\">\u00dcber das Festival<\/h5>\n\n\n\n<p>Das Wallesau ist Blau Open Air ist das Rockfestival im Landkreis Roth, s\u00fcdlich von N\u00fcrnberg. Organisiert von der Musikinitiative Wallesau e.V., findet es jedes Jahr am letzten August-Wochenende statt und bringt die Bandkultur der Region auf eine Open-Air-B\u00fchne. Rock, Metal, Punk und Ska stehen im Mittelpunkt, ein Festival mit echtem Gemeinschaftsgef\u00fchl und viel Herzblut der Ehrenamtlichen dahinter.<\/p>\n\n\n\n<div class=\"wp-block-advgb-accordions advgb-accordions-6ef589ed-41b8-40dd-850b-77c28705207b advgb-accordion-wrapper\" data-collapsed=\"true\">\n<div class=\"wp-block-advgb-accordion-item advgb-accordion-item\" style=\"margin-bottom:15px\"><div class=\"advgb-accordion-header\" style=\"background-color:#f1f3f6;color:#283d71;border-style:solid;border-width:0px;border-radius:15px\"><span class=\"advgb-accordion-header-icon accordion-state\"><svg class=\"advgb-icon-closed\" fill=\"#283d71\" xmlns=\"http:\/\/www.w3.org\/2000\/svg\" width=\"24\" height=\"24\" viewBox=\"0 0 24 24\"><path fill=\"none\" d=\"M0,0h24v24H0V0z\"><\/path><path d=\"M19,13h-6v6h-2v-6H5v-2h6V5h2v6h6V13z\"><\/path><\/svg><svg class=\"advgb-icon-opened\" fill=\"#283d71\" xmlns=\"http:\/\/www.w3.org\/2000\/svg\" width=\"24\" height=\"24\" viewBox=\"0 0 24 24\"><path fill=\"none\" d=\"M0,0h24v24H0V0z\"><\/path><path d=\"M19,13H5v-2h14V13z\"><\/path><\/svg><\/span><h4 class=\"advgb-accordion-header-title\" style=\"color:inherit\">So kannst du dabei sein<\/h4><\/div><div class=\"advgb-accordion-body\" style=\"border-style:solid !important;border-width:0px !important;border-color:undefined !important;border-top:none !important;border-radius:15px !important\">\n<p>Gesucht werden Volunteers f\u00fcr das Festivalwochenende und die Vorbereitung drumherum. Einsatzbereiche gibt es viele: Einlass, Ordnerdienst, Bar, Grill, B\u00fchne, Merchandise und mehr. Du wirst nach deinen Talenten eingesetzt oder eingearbeitet. Fortgeschrittene Deutschkenntnisse sind erforderlich.<\/p>\n\n\n\n<div class=\"wp-block-group is-content-justification-center is-layout-flex wp-container-core-group-is-layout-16018d1d wp-block-group-is-layout-flex\">\n<div class=\"wp-block-button\"><a class=\"wp-block-button__link has-white-color has-accent-background-color has-text-color has-background wp-element-button\" href=\"https:\/\/vostel.de\/de\/volunteering\/projects\/7661_Musikinitiative-Wallesau-e-V_Wallesau-ist-Blau_Roth\" style=\"border-radius:20px\" target=\"_blank\" rel=\"noreferrer noopener\">Als Unterst\u00fctzer*in anmelden<\/a><\/div>\n<\/div>\n<\/div><\/div>\n<\/div>\n\n\n\n<h2 class=\"wp-block-heading\" id=\"nachhaltig\">Festivals &amp; Nachhaltigkeit?<\/h2>\n\n\n\n<figure class=\"wp-block-image size-large\"><img loading=\"lazy\" decoding=\"async\" width=\"1024\" height=\"341\" src=\"https:\/\/vostel.de\/blog\/wp-content\/uploads\/2025\/05\/Roskilde-2019-Jonas-Rogge-LeavenoTrace-4-1024x341.jpg\" alt=\"\" class=\"wp-image-15332\" srcset=\"https:\/\/vostel.de\/blog\/wp-content\/uploads\/2025\/05\/Roskilde-2019-Jonas-Rogge-LeavenoTrace-4-1024x341.jpg 1024w, https:\/\/vostel.de\/blog\/wp-content\/uploads\/2025\/05\/Roskilde-2019-Jonas-Rogge-LeavenoTrace-4-300x100.jpg 300w, https:\/\/vostel.de\/blog\/wp-content\/uploads\/2025\/05\/Roskilde-2019-Jonas-Rogge-LeavenoTrace-4-768x256.jpg 768w, https:\/\/vostel.de\/blog\/wp-content\/uploads\/2025\/05\/Roskilde-2019-Jonas-Rogge-LeavenoTrace-4.jpg 1200w\" sizes=\"auto, (max-width: 1024px) 100vw, 1024px\" \/><\/figure>\n\n\n\n<p>Nachhaltigkeit spielt auch im Festival- und Eventbereich eine wachsende Rolle \u2013 etwa bei der Reduktion von M\u00fcll, einer klimaschonenden Anreise, barrierearmen Zug\u00e4ngen oder fairen Arbeitsbedingungen hinter den Kulissen. Veranstalter*innen und Netzwerke besch\u00e4ftigen sich zunehmend mit der Frage, wie sich Festivals \u00f6kologisch, sozial und wirtschaftlich nachhaltiger gestalten lassen.<\/p>\n\n\n\n<p>Ein wichtiger Player in diesem Feld ist das Netzwerk <a href=\"https:\/\/hoemepage.com\/\" target=\"_blank\" rel=\"noreferrer noopener\">H\u00f6me \u2013 F\u00fcr Festivals<\/a>, das sich mit verschiedenen Projekten f\u00fcr mehr Nachhaltigkeit in der Festivalbranche einsetzt. Dazu geh\u00f6ren u.a. Bildungsformate wie der \u201eFestival Playground\u201c, Kooperationen mit Initiativen wie &#8222;<a href=\"https:\/\/www.musicdeclares.net\/\" target=\"_blank\" rel=\"noreferrer noopener\">Music Declares Emergency<\/a>&#8222;, die j\u00e4hrliche Auszeichnung besonders nachhaltiger Festivals oder Umfragen zu umweltrelevanten Aspekten von Veranstaltungen.<\/p>\n\n\n\n<h4 class=\"wp-block-heading\" id=\"h-engagiere-dich-im-nachhaltigkeitsbereich-auf-festivals\">Engagiere dich im Nachhaltigkeitsbereich auf Festivals<\/h4>\n\n\n\n<p>Viele Veranstaltungen suchen gezielt nach freiwilliger Unterst\u00fctzung im Bereich Nachhaltigkeit \u2013 z.\u202fB. beim Recycling, der Awareness-Arbeit oder der Betreuung von Barrierefreiheitsma\u00dfnahmen. Wenn dir das Thema wichtig ist, kannst du gezielt bei den Organisator*innen nach einem Engagement in diesem Bereich fragen.<\/p>\n\n\n\n<hr class=\"wp-block-separator has-alpha-channel-opacity is-style-dots\"\/>\n\n\n\n<div class=\"wp-block-media-text has-media-on-the-right is-stacked-on-mobile\"><div class=\"wp-block-media-text__content\">\n<p class=\"has-text-align-right\">Dein <a href=\"https:\/\/vostel.de\/de\/ueber_vostel\" target=\"_blank\" rel=\"noreferrer noopener\">vostel.de Team<\/a> w\u00fcnscht dir einen fantastischen Festival-Sommer!<\/p>\n<\/div><figure class=\"wp-block-media-text__media\"><img loading=\"lazy\" decoding=\"async\" width=\"938\" height=\"576\" src=\"https:\/\/vostel.de\/blog\/wp-content\/uploads\/2024\/08\/vostel-team-e1722507680233.jpg\" alt=\"Das Team von vostel.de umringt von gr\u00fcnem Geb\u00fcsch. Alle sitzen gem\u00fctlich und l\u00e4cheln in die Kamera.\" class=\"wp-image-13861 size-full\" srcset=\"https:\/\/vostel.de\/blog\/wp-content\/uploads\/2024\/08\/vostel-team-e1722507680233.jpg 938w, https:\/\/vostel.de\/blog\/wp-content\/uploads\/2024\/08\/vostel-team-e1722507680233-300x184.jpg 300w, https:\/\/vostel.de\/blog\/wp-content\/uploads\/2024\/08\/vostel-team-e1722507680233-768x472.jpg 768w\" sizes=\"auto, (max-width: 938px) 100vw, 938px\" \/><\/figure><\/div>\n\n\n<p><!-- \/wp:post-content --><\/p>\n<p><!-- \/wp:column --><\/p>\n<p><!-- \/wp:heading --><\/p>\n<p><!-- wp:paragraph --><\/p>\n<p><!-- \/wp:separator --><\/p>\n<p><!-- wp:media-text {\"align\":\"\",\"mediaPosition\":\"right\",\"mediaId\":5823,\"mediaLink\":\"https:\/\/vostel.de\/blog\/?attachment_id=5823\",\"mediaType\":\"image\",\"mediaWidth\":63} --><\/p>\n<div class=\"wp-block-media-text has-media-on-the-right is-stacked-on-mobile\" style=\"grid-template-columns: auto 63%;\">\n<div class=\"wp-block-media-text__content\"><!-- wp:paragraph {\"align\":\"right\",\"placeholder\":\"Inhalt\u2026\",\"style\":{\"typography\":{\"fontSize\":18}}} --><\/div>\n<figure class=\"wp-block-media-text__media\"><a href=\"https:\/\/vostel.de\/de\/ueber_vostel\" target=\"_blank\" rel=\"noopener\"><img loading=\"lazy\" decoding=\"async\" width=\"1024\" height=\"1024\" class=\"wp-image-2362\" style=\"width: 112px; height: 112px;\" src=\"https:\/\/vostel.de\/blog\/wp-content\/uploads\/2020\/03\/NPO2_SEITE_ICONS_bekanntmachung-1024x1024.png\" alt=\"\" srcset=\"https:\/\/vostel.de\/blog\/wp-content\/uploads\/2020\/03\/NPO2_SEITE_ICONS_bekanntmachung-1024x1024.png 1024w, https:\/\/vostel.de\/blog\/wp-content\/uploads\/2020\/03\/NPO2_SEITE_ICONS_bekanntmachung-300x300.png 300w, https:\/\/vostel.de\/blog\/wp-content\/uploads\/2020\/03\/NPO2_SEITE_ICONS_bekanntmachung-150x150.png 150w, https:\/\/vostel.de\/blog\/wp-content\/uploads\/2020\/03\/NPO2_SEITE_ICONS_bekanntmachung-768x768.png 768w, https:\/\/vostel.de\/blog\/wp-content\/uploads\/2020\/03\/NPO2_SEITE_ICONS_bekanntmachung-1536x1536.png 1536w, https:\/\/vostel.de\/blog\/wp-content\/uploads\/2020\/03\/NPO2_SEITE_ICONS_bekanntmachung-2048x2048.png 2048w, https:\/\/vostel.de\/blog\/wp-content\/uploads\/2020\/03\/NPO2_SEITE_ICONS_bekanntmachung-88x88.png 88w, https:\/\/vostel.de\/blog\/wp-content\/uploads\/2020\/03\/NPO2_SEITE_ICONS_bekanntmachung-816x816.png 816w\" sizes=\"auto, (max-width: 1024px) 100vw, 1024px\" \/><\/a><\/figure>\n<\/div>\n<p><!-- \/wp:image --><\/p>","protected":false},"excerpt":{"rendered":"<p>Der Festival-Sommer 2026 steht vor der T\u00fcr und in ganz Deutschland entstehen auch dieses Jahr wieder kreative Freir\u00e4ume f\u00fcr Musik, Kunst und Kultur. Viele der gro\u00dfen und kleinen Veranstaltungen sind kostenlos und werden mit der Unterst\u00fctzung von ehrenamtlichen Helfer*innen gestemmt. Aber auch kostenpflichtige Veranstaltungen und Festivals sind auf Freiwillige angewiesen und erm\u00f6glichen im Gegenzug freien [&hellip;]<\/p>\n","protected":false},"author":48,"featured_media":17534,"comment_status":"open","ping_status":"open","sticky":false,"template":"","format":"standard","meta":{"advgb_blocks_editor_width":"","advgb_blocks_columns_visual_guide":"","footnotes":""},"categories":[315,302],"tags":[179,403,402,311],"class_list":["post-17478","post","type-post","status-publish","format-standard","has-post-thumbnail","hentry","category-engagementmoeglichkeiten","category-tipps-inspiration","tag-ehrenamt","tag-kunst-kultur","tag-musik","tag-soziales-engagement"],"yoast_head":"<!-- This site is optimized with the Yoast SEO Premium plugin v27.4 (Yoast SEO v27.4) - https:\/\/yoast.com\/product\/yoast-seo-premium-wordpress\/ -->\n<title>Ehrenamtlich aufs Festival 2026: Mithelfen &amp; kostenlos dabei sein | vostel.de<\/title>\n<meta name=\"description\" content=\"Ehrenamtlich bei Sommerfestivals dabei sein, ohne ein Ticket zu kaufen. Wo du 2026 als Unterst\u00fctzer*in mitmachen kannst. Jetzt entdecken!\" \/>\n<meta name=\"robots\" content=\"index, follow, max-snippet:-1, max-image-preview:large, max-video-preview:-1\" \/>\n<link rel=\"canonical\" href=\"https:\/\/vostel.de\/blog\/ehrenamtlich-aufs-festival-2026\/\" \/>\n<meta property=\"og:locale\" content=\"de_DE\" \/>\n<meta property=\"og:type\" content=\"article\" \/>\n<meta property=\"og:title\" content=\"Ehrenamtlich aufs Festival 2026: Mithelfen &amp; kostenlos dabei sein\" \/>\n<meta property=\"og:description\" content=\"Ehrenamtlich bei Sommerfestivals dabei sein, ohne ein Ticket zu kaufen. Wo du 2026 als Unterst\u00fctzer*in mitmachen kannst. Jetzt entdecken!\" \/>\n<meta property=\"og:url\" content=\"https:\/\/vostel.de\/blog\/ehrenamtlich-aufs-festival-2026\/\" \/>\n<meta property=\"og:site_name\" content=\"vostel.de Blog\" \/>\n<meta property=\"article:published_time\" content=\"2026-04-29T12:49:23+00:00\" \/>\n<meta property=\"article:modified_time\" content=\"2026-04-29T13:03:41+00:00\" \/>\n<meta property=\"og:image\" content=\"https:\/\/vostel.de\/blog\/wp-content\/uploads\/2026\/04\/BLOG-Titelbilder-Vorlage-1.024-x-512-px-11.png\" \/>\n\t<meta property=\"og:image:width\" content=\"1024\" \/>\n\t<meta property=\"og:image:height\" content=\"512\" \/>\n\t<meta property=\"og:image:type\" content=\"image\/png\" \/>\n<meta name=\"author\" content=\"Timo\" \/>\n<meta name=\"twitter:card\" content=\"summary_large_image\" \/>\n<meta name=\"twitter:label1\" content=\"Verfasst von\" \/>\n\t<meta name=\"twitter:data1\" content=\"Timo\" \/>\n\t<meta name=\"twitter:label2\" content=\"Gesch\u00e4tzte Lesezeit\" \/>\n\t<meta name=\"twitter:data2\" content=\"9\u00a0Minuten\" \/>\n<script type=\"application\/ld+json\" class=\"yoast-schema-graph\">{\"@context\":\"https:\\\/\\\/schema.org\",\"@graph\":[{\"@type\":\"Article\",\"@id\":\"https:\\\/\\\/vostel.de\\\/blog\\\/ehrenamtlich-aufs-festival-2026\\\/#article\",\"isPartOf\":{\"@id\":\"https:\\\/\\\/vostel.de\\\/blog\\\/ehrenamtlich-aufs-festival-2026\\\/\"},\"author\":{\"name\":\"Timo\",\"@id\":\"https:\\\/\\\/vostel.de\\\/blog\\\/#\\\/schema\\\/person\\\/f452ee1d37dea145cda706d901017bba\"},\"headline\":\"Ehrenamtlich aufs Festival 2026: Mithelfen &amp; kostenlos dabei sein\",\"datePublished\":\"2026-04-29T12:49:23+00:00\",\"dateModified\":\"2026-04-29T13:03:41+00:00\",\"mainEntityOfPage\":{\"@id\":\"https:\\\/\\\/vostel.de\\\/blog\\\/ehrenamtlich-aufs-festival-2026\\\/\"},\"wordCount\":1235,\"commentCount\":0,\"publisher\":{\"@id\":\"https:\\\/\\\/vostel.de\\\/blog\\\/#organization\"},\"image\":{\"@id\":\"https:\\\/\\\/vostel.de\\\/blog\\\/ehrenamtlich-aufs-festival-2026\\\/#primaryimage\"},\"thumbnailUrl\":\"https:\\\/\\\/vostel.de\\\/blog\\\/wp-content\\\/uploads\\\/2026\\\/04\\\/BLOG-Titelbilder-Vorlage-1.024-x-512-px-11.png\",\"keywords\":[\"Ehrenamt\",\"Kunst &amp; Kultur\",\"Musik\",\"Soziales Engagement\"],\"articleSection\":[\"Engagementm\u00f6glichkeiten\",\"Tipps &amp; Inspiration\"],\"inLanguage\":\"de\",\"potentialAction\":[{\"@type\":\"CommentAction\",\"name\":\"Comment\",\"target\":[\"https:\\\/\\\/vostel.de\\\/blog\\\/ehrenamtlich-aufs-festival-2026\\\/#respond\"]}]},{\"@type\":\"WebPage\",\"@id\":\"https:\\\/\\\/vostel.de\\\/blog\\\/ehrenamtlich-aufs-festival-2026\\\/\",\"url\":\"https:\\\/\\\/vostel.de\\\/blog\\\/ehrenamtlich-aufs-festival-2026\\\/\",\"name\":\"Ehrenamtlich aufs Festival 2026: Mithelfen &amp; kostenlos dabei sein | vostel.de\",\"isPartOf\":{\"@id\":\"https:\\\/\\\/vostel.de\\\/blog\\\/#website\"},\"primaryImageOfPage\":{\"@id\":\"https:\\\/\\\/vostel.de\\\/blog\\\/ehrenamtlich-aufs-festival-2026\\\/#primaryimage\"},\"image\":{\"@id\":\"https:\\\/\\\/vostel.de\\\/blog\\\/ehrenamtlich-aufs-festival-2026\\\/#primaryimage\"},\"thumbnailUrl\":\"https:\\\/\\\/vostel.de\\\/blog\\\/wp-content\\\/uploads\\\/2026\\\/04\\\/BLOG-Titelbilder-Vorlage-1.024-x-512-px-11.png\",\"datePublished\":\"2026-04-29T12:49:23+00:00\",\"dateModified\":\"2026-04-29T13:03:41+00:00\",\"description\":\"Ehrenamtlich bei Sommerfestivals dabei sein, ohne ein Ticket zu kaufen. Wo du 2026 als Unterst\u00fctzer*in mitmachen kannst. Jetzt entdecken!\",\"breadcrumb\":{\"@id\":\"https:\\\/\\\/vostel.de\\\/blog\\\/ehrenamtlich-aufs-festival-2026\\\/#breadcrumb\"},\"inLanguage\":\"de\",\"potentialAction\":[{\"@type\":\"ReadAction\",\"target\":[\"https:\\\/\\\/vostel.de\\\/blog\\\/ehrenamtlich-aufs-festival-2026\\\/\"]}]},{\"@type\":\"ImageObject\",\"inLanguage\":\"de\",\"@id\":\"https:\\\/\\\/vostel.de\\\/blog\\\/ehrenamtlich-aufs-festival-2026\\\/#primaryimage\",\"url\":\"https:\\\/\\\/vostel.de\\\/blog\\\/wp-content\\\/uploads\\\/2026\\\/04\\\/BLOG-Titelbilder-Vorlage-1.024-x-512-px-11.png\",\"contentUrl\":\"https:\\\/\\\/vostel.de\\\/blog\\\/wp-content\\\/uploads\\\/2026\\\/04\\\/BLOG-Titelbilder-Vorlage-1.024-x-512-px-11.png\",\"width\":1024,\"height\":512},{\"@type\":\"BreadcrumbList\",\"@id\":\"https:\\\/\\\/vostel.de\\\/blog\\\/ehrenamtlich-aufs-festival-2026\\\/#breadcrumb\",\"itemListElement\":[{\"@type\":\"ListItem\",\"position\":1,\"name\":\"Startseite\",\"item\":\"https:\\\/\\\/vostel.de\\\/blog\\\/\"},{\"@type\":\"ListItem\",\"position\":2,\"name\":\"Ehrenamtlich aufs Festival 2026: Mithelfen &amp; kostenlos dabei sein\"}]},{\"@type\":\"WebSite\",\"@id\":\"https:\\\/\\\/vostel.de\\\/blog\\\/#website\",\"url\":\"https:\\\/\\\/vostel.de\\\/blog\\\/\",\"name\":\"vostel.de Blog\",\"description\":\"Inspirationen f\u00fcr eine bessere und nachhaltigere Zukunft\",\"publisher\":{\"@id\":\"https:\\\/\\\/vostel.de\\\/blog\\\/#organization\"},\"potentialAction\":[{\"@type\":\"SearchAction\",\"target\":{\"@type\":\"EntryPoint\",\"urlTemplate\":\"https:\\\/\\\/vostel.de\\\/blog\\\/?s={search_term_string}\"},\"query-input\":{\"@type\":\"PropertyValueSpecification\",\"valueRequired\":true,\"valueName\":\"search_term_string\"}}],\"inLanguage\":\"de\"},{\"@type\":\"Organization\",\"@id\":\"https:\\\/\\\/vostel.de\\\/blog\\\/#organization\",\"name\":\"vostel.de Blog\",\"url\":\"https:\\\/\\\/vostel.de\\\/blog\\\/\",\"logo\":{\"@type\":\"ImageObject\",\"inLanguage\":\"de\",\"@id\":\"https:\\\/\\\/vostel.de\\\/blog\\\/#\\\/schema\\\/logo\\\/image\\\/\",\"url\":\"https:\\\/\\\/vostel.de\\\/blog\\\/wp-content\\\/uploads\\\/2024\\\/03\\\/logo-de-rot-large.png\",\"contentUrl\":\"https:\\\/\\\/vostel.de\\\/blog\\\/wp-content\\\/uploads\\\/2024\\\/03\\\/logo-de-rot-large.png\",\"width\":1801,\"height\":589,\"caption\":\"vostel.de Blog\"},\"image\":{\"@id\":\"https:\\\/\\\/vostel.de\\\/blog\\\/#\\\/schema\\\/logo\\\/image\\\/\"}},{\"@type\":\"Person\",\"@id\":\"https:\\\/\\\/vostel.de\\\/blog\\\/#\\\/schema\\\/person\\\/f452ee1d37dea145cda706d901017bba\",\"name\":\"Timo\",\"url\":\"https:\\\/\\\/vostel.de\\\/blog\\\/author\\\/timo\\\/\"}]}<\/script>\n<!-- \/ Yoast SEO Premium plugin. -->","yoast_head_json":{"title":"Ehrenamtlich aufs Festival 2026: Mithelfen &amp; kostenlos dabei sein | vostel.de","description":"Ehrenamtlich bei Sommerfestivals dabei sein, ohne ein Ticket zu kaufen. Wo du 2026 als Unterst\u00fctzer*in mitmachen kannst. Jetzt entdecken!","robots":{"index":"index","follow":"follow","max-snippet":"max-snippet:-1","max-image-preview":"max-image-preview:large","max-video-preview":"max-video-preview:-1"},"canonical":"https:\/\/vostel.de\/blog\/ehrenamtlich-aufs-festival-2026\/","og_locale":"de_DE","og_type":"article","og_title":"Ehrenamtlich aufs Festival 2026: Mithelfen &amp; kostenlos dabei sein","og_description":"Ehrenamtlich bei Sommerfestivals dabei sein, ohne ein Ticket zu kaufen. Wo du 2026 als Unterst\u00fctzer*in mitmachen kannst. Jetzt entdecken!","og_url":"https:\/\/vostel.de\/blog\/ehrenamtlich-aufs-festival-2026\/","og_site_name":"vostel.de Blog","article_published_time":"2026-04-29T12:49:23+00:00","article_modified_time":"2026-04-29T13:03:41+00:00","og_image":[{"width":1024,"height":512,"url":"https:\/\/vostel.de\/blog\/wp-content\/uploads\/2026\/04\/BLOG-Titelbilder-Vorlage-1.024-x-512-px-11.png","type":"image\/png"}],"author":"Timo","twitter_card":"summary_large_image","twitter_misc":{"Verfasst von":"Timo","Gesch\u00e4tzte Lesezeit":"9\u00a0Minuten"},"schema":{"@context":"https:\/\/schema.org","@graph":[{"@type":"Article","@id":"https:\/\/vostel.de\/blog\/ehrenamtlich-aufs-festival-2026\/#article","isPartOf":{"@id":"https:\/\/vostel.de\/blog\/ehrenamtlich-aufs-festival-2026\/"},"author":{"name":"Timo","@id":"https:\/\/vostel.de\/blog\/#\/schema\/person\/f452ee1d37dea145cda706d901017bba"},"headline":"Ehrenamtlich aufs Festival 2026: Mithelfen &amp; kostenlos dabei sein","datePublished":"2026-04-29T12:49:23+00:00","dateModified":"2026-04-29T13:03:41+00:00","mainEntityOfPage":{"@id":"https:\/\/vostel.de\/blog\/ehrenamtlich-aufs-festival-2026\/"},"wordCount":1235,"commentCount":0,"publisher":{"@id":"https:\/\/vostel.de\/blog\/#organization"},"image":{"@id":"https:\/\/vostel.de\/blog\/ehrenamtlich-aufs-festival-2026\/#primaryimage"},"thumbnailUrl":"https:\/\/vostel.de\/blog\/wp-content\/uploads\/2026\/04\/BLOG-Titelbilder-Vorlage-1.024-x-512-px-11.png","keywords":["Ehrenamt","Kunst &amp; Kultur","Musik","Soziales Engagement"],"articleSection":["Engagementm\u00f6glichkeiten","Tipps &amp; Inspiration"],"inLanguage":"de","potentialAction":[{"@type":"CommentAction","name":"Comment","target":["https:\/\/vostel.de\/blog\/ehrenamtlich-aufs-festival-2026\/#respond"]}]},{"@type":"WebPage","@id":"https:\/\/vostel.de\/blog\/ehrenamtlich-aufs-festival-2026\/","url":"https:\/\/vostel.de\/blog\/ehrenamtlich-aufs-festival-2026\/","name":"Ehrenamtlich aufs Festival 2026: Mithelfen &amp; kostenlos dabei sein | vostel.de","isPartOf":{"@id":"https:\/\/vostel.de\/blog\/#website"},"primaryImageOfPage":{"@id":"https:\/\/vostel.de\/blog\/ehrenamtlich-aufs-festival-2026\/#primaryimage"},"image":{"@id":"https:\/\/vostel.de\/blog\/ehrenamtlich-aufs-festival-2026\/#primaryimage"},"thumbnailUrl":"https:\/\/vostel.de\/blog\/wp-content\/uploads\/2026\/04\/BLOG-Titelbilder-Vorlage-1.024-x-512-px-11.png","datePublished":"2026-04-29T12:49:23+00:00","dateModified":"2026-04-29T13:03:41+00:00","description":"Ehrenamtlich bei Sommerfestivals dabei sein, ohne ein Ticket zu kaufen. Wo du 2026 als Unterst\u00fctzer*in mitmachen kannst. Jetzt entdecken!","breadcrumb":{"@id":"https:\/\/vostel.de\/blog\/ehrenamtlich-aufs-festival-2026\/#breadcrumb"},"inLanguage":"de","potentialAction":[{"@type":"ReadAction","target":["https:\/\/vostel.de\/blog\/ehrenamtlich-aufs-festival-2026\/"]}]},{"@type":"ImageObject","inLanguage":"de","@id":"https:\/\/vostel.de\/blog\/ehrenamtlich-aufs-festival-2026\/#primaryimage","url":"https:\/\/vostel.de\/blog\/wp-content\/uploads\/2026\/04\/BLOG-Titelbilder-Vorlage-1.024-x-512-px-11.png","contentUrl":"https:\/\/vostel.de\/blog\/wp-content\/uploads\/2026\/04\/BLOG-Titelbilder-Vorlage-1.024-x-512-px-11.png","width":1024,"height":512},{"@type":"BreadcrumbList","@id":"https:\/\/vostel.de\/blog\/ehrenamtlich-aufs-festival-2026\/#breadcrumb","itemListElement":[{"@type":"ListItem","position":1,"name":"Startseite","item":"https:\/\/vostel.de\/blog\/"},{"@type":"ListItem","position":2,"name":"Ehrenamtlich aufs Festival 2026: Mithelfen &amp; kostenlos dabei sein"}]},{"@type":"WebSite","@id":"https:\/\/vostel.de\/blog\/#website","url":"https:\/\/vostel.de\/blog\/","name":"vostel.de Blog","description":"Inspirationen f\u00fcr eine bessere und nachhaltigere Zukunft","publisher":{"@id":"https:\/\/vostel.de\/blog\/#organization"},"potentialAction":[{"@type":"SearchAction","target":{"@type":"EntryPoint","urlTemplate":"https:\/\/vostel.de\/blog\/?s={search_term_string}"},"query-input":{"@type":"PropertyValueSpecification","valueRequired":true,"valueName":"search_term_string"}}],"inLanguage":"de"},{"@type":"Organization","@id":"https:\/\/vostel.de\/blog\/#organization","name":"vostel.de Blog","url":"https:\/\/vostel.de\/blog\/","logo":{"@type":"ImageObject","inLanguage":"de","@id":"https:\/\/vostel.de\/blog\/#\/schema\/logo\/image\/","url":"https:\/\/vostel.de\/blog\/wp-content\/uploads\/2024\/03\/logo-de-rot-large.png","contentUrl":"https:\/\/vostel.de\/blog\/wp-content\/uploads\/2024\/03\/logo-de-rot-large.png","width":1801,"height":589,"caption":"vostel.de Blog"},"image":{"@id":"https:\/\/vostel.de\/blog\/#\/schema\/logo\/image\/"}},{"@type":"Person","@id":"https:\/\/vostel.de\/blog\/#\/schema\/person\/f452ee1d37dea145cda706d901017bba","name":"Timo","url":"https:\/\/vostel.de\/blog\/author\/timo\/"}]}},"author_meta":{"display_name":"Timo","author_link":"https:\/\/vostel.de\/blog\/author\/timo\/"},"featured_img":"https:\/\/vostel.de\/blog\/wp-content\/uploads\/2026\/04\/BLOG-Titelbilder-Vorlage-1.024-x-512-px-11-300x150.png","coauthors":[],"tax_additional":{"categories":{"linked":["<a href=\"https:\/\/vostel.de\/blog\/category\/engagementmoeglichkeiten\/\" class=\"advgb-post-tax-term\">Engagementm\u00f6glichkeiten<\/a>","<a href=\"https:\/\/vostel.de\/blog\/category\/tipps-inspiration\/\" class=\"advgb-post-tax-term\">Tipps &amp; Inspiration<\/a>"],"unlinked":["<span class=\"advgb-post-tax-term\">Engagementm\u00f6glichkeiten<\/span>","<span class=\"advgb-post-tax-term\">Tipps &amp; Inspiration<\/span>"]},"tags":{"linked":["<a href=\"https:\/\/vostel.de\/blog\/category\/tipps-inspiration\/\" class=\"advgb-post-tax-term\">Ehrenamt<\/a>","<a href=\"https:\/\/vostel.de\/blog\/category\/tipps-inspiration\/\" class=\"advgb-post-tax-term\">Kunst &amp; Kultur<\/a>","<a href=\"https:\/\/vostel.de\/blog\/category\/tipps-inspiration\/\" class=\"advgb-post-tax-term\">Musik<\/a>","<a href=\"https:\/\/vostel.de\/blog\/category\/tipps-inspiration\/\" class=\"advgb-post-tax-term\">Soziales Engagement<\/a>"],"unlinked":["<span class=\"advgb-post-tax-term\">Ehrenamt<\/span>","<span class=\"advgb-post-tax-term\">Kunst &amp; Kultur<\/span>","<span class=\"advgb-post-tax-term\">Musik<\/span>","<span class=\"advgb-post-tax-term\">Soziales Engagement<\/span>"]}},"comment_count":"0","relative_dates":{"created":"Ver\u00f6ffentlicht 16\u00a0Stunden vor","modified":"Aktualisiert 16\u00a0Stunden vor"},"absolute_dates":{"created":"Ver\u00f6ffentlicht am 29. April 2026","modified":"Aktualisiert am 29. April 2026"},"absolute_dates_time":{"created":"Ver\u00f6ffentlicht am 29. April 2026 14:49","modified":"Aktualisiert am 29. April 2026 15:03"},"featured_img_caption":"","series_order":"","_links":{"self":[{"href":"https:\/\/vostel.de\/blog\/wp-json\/wp\/v2\/posts\/17478","targetHints":{"allow":["GET"]}}],"collection":[{"href":"https:\/\/vostel.de\/blog\/wp-json\/wp\/v2\/posts"}],"about":[{"href":"https:\/\/vostel.de\/blog\/wp-json\/wp\/v2\/types\/post"}],"author":[{"embeddable":true,"href":"https:\/\/vostel.de\/blog\/wp-json\/wp\/v2\/users\/48"}],"replies":[{"embeddable":true,"href":"https:\/\/vostel.de\/blog\/wp-json\/wp\/v2\/comments?post=17478"}],"version-history":[{"count":8,"href":"https:\/\/vostel.de\/blog\/wp-json\/wp\/v2\/posts\/17478\/revisions"}],"predecessor-version":[{"id":17552,"href":"https:\/\/vostel.de\/blog\/wp-json\/wp\/v2\/posts\/17478\/revisions\/17552"}],"wp:featuredmedia":[{"embeddable":true,"href":"https:\/\/vostel.de\/blog\/wp-json\/wp\/v2\/media\/17534"}],"wp:attachment":[{"href":"https:\/\/vostel.de\/blog\/wp-json\/wp\/v2\/media?parent=17478"}],"wp:term":[{"taxonomy":"category","embeddable":true,"href":"https:\/\/vostel.de\/blog\/wp-json\/wp\/v2\/categories?post=17478"},{"taxonomy":"post_tag","embeddable":true,"href":"https:\/\/vostel.de\/blog\/wp-json\/wp\/v2\/tags?post=17478"}],"curies":[{"name":"wp","href":"https:\/\/api.w.org\/{rel}","templated":true}]}}